{"id":4665,"date":"2024-06-10T11:31:13","date_gmt":"2024-06-10T11:31:13","guid":{"rendered":"https:\/\/radiogjilani.com\/index.php\/2024\/06\/10\/vihet-ne-pranga-nga-policia-ne-itali-aleks-ndreka\/"},"modified":"2024-06-10T11:31:13","modified_gmt":"2024-06-10T11:31:13","slug":"vihet-ne-pranga-nga-policia-ne-itali-aleks-ndreka","status":"publish","type":"post","link":"https:\/\/radiogjilani.com\/index.php\/2024\/06\/10\/vihet-ne-pranga-nga-policia-ne-itali-aleks-ndreka\/","title":{"rendered":"Vihet n\u00eb pranga nga policia n\u00eb Itali Aleks Ndreka"},"content":{"rendered":"<p>\u00cbsht\u00eb v\u00ebn\u00eb n\u00eb pranga n\u00eb Itali Aleks Ndreka.<\/p>\n<p>M\u00ebsohet se ai \u00ebsht\u00eb arrestuar n\u00eb aeroportin e Malpensas n\u00eb Milano tre dit\u00eb m\u00eb par\u00eb.<\/p>\n<p>Ndreka ishte i shpallur n\u00eb k\u00ebrkim n\u00eb kuad\u00ebr t\u00eb operacionit \u201cMetamorfoza\u201d dhe ishte n\u00eb mas\u00ebn \u201carrest n\u00eb burg\u201d n\u00eb munges\u00eb.<\/p>\n<p>Nd\u00ebrkoh\u00eb, n\u00eb fund t\u00eb majit ra n\u00eb prangat e policis\u00eb n\u00eb Verona t\u00eb Italis\u00eb edhe Arian Tuku.<\/p>\n<div class=\"ads square\">\n<p><a href=\"https:\/\/track.adform.net\/C\/?bn=73199340;C=0\" target=\"_blank\" rel=\"noopener\"><\/p>\n<p><img loading=\"lazy\" decoding=\"async\" src=\"https:\/\/track.adform.net\/adfserve\/?bn=73199340;srctype=4;ord=%5Btimestamp%5D\" border=\"0\" width=\"300\" height=\"250\" alt=\"\"><\/p>\n<p><\/a><\/p><\/div>\n<p>Tuku ishte shpallur n\u00eb k\u00ebrkim nga Prokuroria e Posa\u00e7me SPAK, n\u00eb kuad\u00ebr t\u00eb mega-operacionit t\u00eb kryer disa dit\u00eb m\u00eb par\u00eb.<\/p>\n<p>Tuku, 36 vje\u00e7 nga Lezha, ka tentuar t\u00eb vras\u00eb Aleks Ndrek\u00ebn (Aleksand\u00ebr Deda).<\/p>\n<p>Atentati ndaj Ndrek\u00ebs ndodhi m\u00eb 1 dhjetor 2020 n\u00eb autostrad\u00ebn Lezh\u00eb-La\u00e7, ku Ndreka mbeti i plagosur.<\/p>\n<p>The post <a rel=\"nofollow\" href=\"https:\/\/albanianpost.com\/vihet-ne-pranga-ne-itali-aleks-ndreka\/\">Vihet n\u00eb pranga nga policia n\u00eb Itali Aleks Ndreka<\/a> appeared first on <a rel=\"nofollow\" href=\"https:\/\/albanianpost.com\/\">Albanian Post<\/a>.<\/p>\n","protected":false},"excerpt":{"rendered":"<p>\u00cbsht\u00eb v\u00ebn\u00eb n\u00eb pranga n\u00eb Itali Aleks Ndreka. M\u00ebsohet se ai \u00ebsht\u00eb arrestuar n\u00eb aeroportin e Malpensas n\u00eb Milano tre dit\u00eb m\u00eb par\u00eb. Ndreka ishte i shpallur n\u00eb k\u00ebrkim n\u00eb kuad\u00ebr t\u00eb operacionit \u201cMetamorfoza\u201d dhe ishte n\u00eb mas\u00ebn \u201carrest n\u00eb burg\u201d n\u00eb munges\u00eb. Nd\u00ebrkoh\u00eb, n\u00eb fund t\u00eb majit ra n\u00eb prangat e policis\u00eb n\u00eb Verona [&hellip;]<\/p>\n","protected":false},"author":1,"featured_media":4666,"comment_status":"open","ping_status":"open","sticky":false,"template":"","format":"standard","meta":{"footnotes":""},"categories":[1],"tags":[],"class_list":["post-4665","post","type-post","status-publish","format-standard","has-post-thumbnail","hentry","category-uncategorized"],"_links":{"self":[{"href":"https:\/\/radiogjilani.com\/index.php\/wp-json\/wp\/v2\/posts\/4665","targetHints":{"allow":["GET"]}}],"collection":[{"href":"https:\/\/radiogjilani.com\/index.php\/wp-json\/wp\/v2\/posts"}],"about":[{"href":"https:\/\/radiogjilani.com\/index.php\/wp-json\/wp\/v2\/types\/post"}],"author":[{"embeddable":true,"href":"https:\/\/radiogjilani.com\/index.php\/wp-json\/wp\/v2\/users\/1"}],"replies":[{"embeddable":true,"href":"https:\/\/radiogjilani.com\/index.php\/wp-json\/wp\/v2\/comments?post=4665"}],"version-history":[{"count":0,"href":"https:\/\/radiogjilani.com\/index.php\/wp-json\/wp\/v2\/posts\/4665\/revisions"}],"wp:featuredmedia":[{"embeddable":true,"href":"https:\/\/radiogjilani.com\/index.php\/wp-json\/wp\/v2\/media\/4666"}],"wp:attachment":[{"href":"https:\/\/radiogjilani.com\/index.php\/wp-json\/wp\/v2\/media?parent=4665"}],"wp:term":[{"taxonomy":"category","embeddable":true,"href":"https:\/\/radiogjilani.com\/index.php\/wp-json\/wp\/v2\/categories?post=4665"},{"taxonomy":"post_tag","embeddable":true,"href":"https:\/\/radiogjilani.com\/index.php\/wp-json\/wp\/v2\/tags?post=4665"}],"curies":[{"name":"wp","href":"https:\/\/api.w.org\/{rel}","templated":true}]}}