{"id":4687,"date":"2024-06-11T12:40:02","date_gmt":"2024-06-11T12:40:02","guid":{"rendered":"https:\/\/radiogjilani.com\/index.php\/2024\/06\/11\/kurti-takohet-me-perfaqesues-te-grupit-te-inovacionit-yes-eu-flasin-per-investime-ne-energji\/"},"modified":"2024-06-11T12:40:02","modified_gmt":"2024-06-11T12:40:02","slug":"kurti-takohet-me-perfaqesues-te-grupit-te-inovacionit-yes-eu-flasin-per-investime-ne-energji","status":"publish","type":"post","link":"https:\/\/radiogjilani.com\/index.php\/2024\/06\/11\/kurti-takohet-me-perfaqesues-te-grupit-te-inovacionit-yes-eu-flasin-per-investime-ne-energji\/","title":{"rendered":"Kurti takohet me p\u00ebrfaq\u00ebsues t\u00eb grupit t\u00eb inovacionit \u201cYes-EU\u201d, flasin p\u00ebr investime n\u00eb energji"},"content":{"rendered":"<p>Kryeministri i Kosov\u00ebs, Albin Kurti, n\u00eb margjina t\u00eb samitit t\u00eb Ballkanit Per\u00ebndimor t\u00eb organizuar nga The Economist Group, ka takuar p\u00ebrfaq\u00ebsues nga grupi i inovacionit \u201cYes-EU\u201d, e specializuar n\u00eb projekte t\u00eb energjis\u00eb, raporton Ekonomia Online. \u201cGrupi \u201cYes-EU\u201d \u00ebsht\u00eb i njohur nd\u00ebrkomb\u00ebtarisht n\u00eb fush\u00ebn e inovacionit p\u00ebr projekte t\u00eb ndryshme t\u00eb zbatuara, t\u00eb fokusuar dhe specializuar n\u00eb projekte t\u00eb&#8230;<\/p>\n<p><a href=\"https:\/\/ekonomiaonline.com\/kurti-takohet-me-perfaqesues-te-grupit-te-inovacionit-yes-eu-flasin-per-investime-ne-energji\/\" rel=\"nofollow\">Source<\/a><\/p>\n","protected":false},"excerpt":{"rendered":"<p>Kryeministri i Kosov\u00ebs, Albin Kurti, n\u00eb margjina t\u00eb samitit t\u00eb Ballkanit Per\u00ebndimor t\u00eb organizuar nga The Economist Group, ka takuar p\u00ebrfaq\u00ebsues nga grupi i inovacionit \u201cYes-EU\u201d, e specializuar n\u00eb projekte t\u00eb energjis\u00eb, raporton Ekonomia Online. \u201cGrupi \u201cYes-EU\u201d \u00ebsht\u00eb i njohur nd\u00ebrkomb\u00ebtarisht n\u00eb fush\u00ebn e inovacionit p\u00ebr projekte t\u00eb ndryshme t\u00eb zbatuara, t\u00eb fokusuar dhe specializuar [&hellip;]<\/p>\n","protected":false},"author":1,"featured_media":4688,"comment_status":"open","ping_status":"open","sticky":false,"template":"","format":"standard","meta":{"footnotes":""},"categories":[19],"tags":[],"class_list":["post-4687","post","type-post","status-publish","format-standard","has-post-thumbnail","hentry","category-eko"],"_links":{"self":[{"href":"https:\/\/radiogjilani.com\/index.php\/wp-json\/wp\/v2\/posts\/4687","targetHints":{"allow":["GET"]}}],"collection":[{"href":"https:\/\/radiogjilani.com\/index.php\/wp-json\/wp\/v2\/posts"}],"about":[{"href":"https:\/\/radiogjilani.com\/index.php\/wp-json\/wp\/v2\/types\/post"}],"author":[{"embeddable":true,"href":"https:\/\/radiogjilani.com\/index.php\/wp-json\/wp\/v2\/users\/1"}],"replies":[{"embeddable":true,"href":"https:\/\/radiogjilani.com\/index.php\/wp-json\/wp\/v2\/comments?post=4687"}],"version-history":[{"count":0,"href":"https:\/\/radiogjilani.com\/index.php\/wp-json\/wp\/v2\/posts\/4687\/revisions"}],"wp:featuredmedia":[{"embeddable":true,"href":"https:\/\/radiogjilani.com\/index.php\/wp-json\/wp\/v2\/media\/4688"}],"wp:attachment":[{"href":"https:\/\/radiogjilani.com\/index.php\/wp-json\/wp\/v2\/media?parent=4687"}],"wp:term":[{"taxonomy":"category","embeddable":true,"href":"https:\/\/radiogjilani.com\/index.php\/wp-json\/wp\/v2\/categories?post=4687"},{"taxonomy":"post_tag","embeddable":true,"href":"https:\/\/radiogjilani.com\/index.php\/wp-json\/wp\/v2\/tags?post=4687"}],"curies":[{"name":"wp","href":"https:\/\/api.w.org\/{rel}","templated":true}]}}