{"id":4695,"date":"2024-06-11T12:39:58","date_gmt":"2024-06-11T12:39:58","guid":{"rendered":"https:\/\/radiogjilani.com\/index.php\/2024\/06\/11\/ushtaret-italiane-patrulluan-ne-piken-kufitare-midis-kosoves-dhe-serbise\/"},"modified":"2024-06-11T12:39:58","modified_gmt":"2024-06-11T12:39:58","slug":"ushtaret-italiane-patrulluan-ne-piken-kufitare-midis-kosoves-dhe-serbise","status":"publish","type":"post","link":"https:\/\/radiogjilani.com\/index.php\/2024\/06\/11\/ushtaret-italiane-patrulluan-ne-piken-kufitare-midis-kosoves-dhe-serbise\/","title":{"rendered":"Ushtar\u00ebt italian\u00eb patrulluan n\u00eb pik\u00ebn kufitare midis Kosov\u00ebs dhe Serbis\u00eb"},"content":{"rendered":"<p>Misioni i NATO-s n\u00eb Kosov\u00eb, KFOR ka b\u00ebr\u00eb t\u00eb ditur se ushtar\u00ebt italian\u00eb kan\u00eb kryer patrullime n\u00eb pik\u00ebn kufitare midis Kosov\u00ebs dhe Serbis\u00eb. N\u00eb njoftimin e l\u00ebshuar thuhet se ata edhe e kan\u00eb monitoruar k\u00ebt\u00eb zon\u00eb. \u201cUshtar\u00ebt italian\u00eb nga regjimenti i Bersaglieri, t\u00eb caktuar n\u00eb Komand\u00ebn Rajonale n\u00eb per\u00ebndim t\u00eb misionit KFOR t\u00eb udh\u00ebhequr nga NATO-ja, kryen patrullime n\u00eb k\u00ebmb\u00eb dhe t\u00eb motorizuara p\u00ebrgjat\u00eb&#8230;<\/p>\n<p><a href=\"https:\/\/ekonomiaonline.com\/ushtaret-italiane-patrulluan-ne-piken-kufitare-midis-kosoves-dhe-serbise\/\" rel=\"nofollow\">Source<\/a><\/p>\n","protected":false},"excerpt":{"rendered":"<p>Misioni i NATO-s n\u00eb Kosov\u00eb, KFOR ka b\u00ebr\u00eb t\u00eb ditur se ushtar\u00ebt italian\u00eb kan\u00eb kryer patrullime n\u00eb pik\u00ebn kufitare midis Kosov\u00ebs dhe Serbis\u00eb. N\u00eb njoftimin e l\u00ebshuar thuhet se ata edhe e kan\u00eb monitoruar k\u00ebt\u00eb zon\u00eb. \u201cUshtar\u00ebt italian\u00eb nga regjimenti i Bersaglieri, t\u00eb caktuar n\u00eb Komand\u00ebn Rajonale n\u00eb per\u00ebndim t\u00eb misionit KFOR t\u00eb udh\u00ebhequr nga [&hellip;]<\/p>\n","protected":false},"author":1,"featured_media":4696,"comment_status":"open","ping_status":"open","sticky":false,"template":"","format":"standard","meta":{"footnotes":""},"categories":[19],"tags":[],"class_list":["post-4695","post","type-post","status-publish","format-standard","has-post-thumbnail","hentry","category-eko"],"_links":{"self":[{"href":"https:\/\/radiogjilani.com\/index.php\/wp-json\/wp\/v2\/posts\/4695","targetHints":{"allow":["GET"]}}],"collection":[{"href":"https:\/\/radiogjilani.com\/index.php\/wp-json\/wp\/v2\/posts"}],"about":[{"href":"https:\/\/radiogjilani.com\/index.php\/wp-json\/wp\/v2\/types\/post"}],"author":[{"embeddable":true,"href":"https:\/\/radiogjilani.com\/index.php\/wp-json\/wp\/v2\/users\/1"}],"replies":[{"embeddable":true,"href":"https:\/\/radiogjilani.com\/index.php\/wp-json\/wp\/v2\/comments?post=4695"}],"version-history":[{"count":0,"href":"https:\/\/radiogjilani.com\/index.php\/wp-json\/wp\/v2\/posts\/4695\/revisions"}],"wp:featuredmedia":[{"embeddable":true,"href":"https:\/\/radiogjilani.com\/index.php\/wp-json\/wp\/v2\/media\/4696"}],"wp:attachment":[{"href":"https:\/\/radiogjilani.com\/index.php\/wp-json\/wp\/v2\/media?parent=4695"}],"wp:term":[{"taxonomy":"category","embeddable":true,"href":"https:\/\/radiogjilani.com\/index.php\/wp-json\/wp\/v2\/categories?post=4695"},{"taxonomy":"post_tag","embeddable":true,"href":"https:\/\/radiogjilani.com\/index.php\/wp-json\/wp\/v2\/tags?post=4695"}],"curies":[{"name":"wp","href":"https:\/\/api.w.org\/{rel}","templated":true}]}}