{"id":4699,"date":"2024-06-11T12:39:56","date_gmt":"2024-06-11T12:39:56","guid":{"rendered":"https:\/\/radiogjilani.com\/index.php\/2024\/06\/11\/krasniqi-per-gala-koncertin-ne-marine-kumboi-refreni-i-perjetshem-i-lirise\/"},"modified":"2024-06-11T12:39:56","modified_gmt":"2024-06-11T12:39:56","slug":"krasniqi-per-gala-koncertin-ne-marine-kumboi-refreni-i-perjetshem-i-lirise","status":"publish","type":"post","link":"https:\/\/radiogjilani.com\/index.php\/2024\/06\/11\/krasniqi-per-gala-koncertin-ne-marine-kumboi-refreni-i-perjetshem-i-lirise\/","title":{"rendered":"Krasniqi p\u00ebr gala koncertin n\u00eb Marin\u00eb: Kumboi refreni i p\u00ebrjetsh\u00ebm i liris\u00eb"},"content":{"rendered":"<p>T\u00eb h\u00ebn\u00ebn m\u00eb 10 qershor, n\u00eb Marin\u00eb t\u00eb Skenderajt, \u00ebsht\u00eb mbajtur gala koncert p\u00ebr nder t\u00eb 25-vjetorit t\u00eb \u00e7lirimit t\u00eb Kosov\u00ebs. Prezent n\u00eb Gala Koncertin e mbajtur ka qen\u00eb edhe kreu i Partis\u00eb Demokratike t\u00eb Kosov\u00ebs [PDK], Memli Krasniqi dhe bashk\u00ebshortet e ish-krer\u00ebve t\u00eb U\u00c7K-s\u00eb t\u00eb cil\u00ebt po mbahen e gjykohen n\u00eb Hag\u00eb nga Dhomat e Specializuara t\u00eb Kosov\u00ebs si dhe t\u00eb tjer\u00eb. Krasniqi, p\u00ebrmes nj\u00eb postimi n\u00eb&#8230;<\/p>\n<p><a href=\"https:\/\/ekonomiaonline.com\/krasniqi-per-gala-koncertin-ne-marine-kumboi-refreni-i-perjetshem-i-lirise\/\" rel=\"nofollow\">Source<\/a><\/p>\n","protected":false},"excerpt":{"rendered":"<p>T\u00eb h\u00ebn\u00ebn m\u00eb 10 qershor, n\u00eb Marin\u00eb t\u00eb Skenderajt, \u00ebsht\u00eb mbajtur gala koncert p\u00ebr nder t\u00eb 25-vjetorit t\u00eb \u00e7lirimit t\u00eb Kosov\u00ebs. Prezent n\u00eb Gala Koncertin e mbajtur ka qen\u00eb edhe kreu i Partis\u00eb Demokratike t\u00eb Kosov\u00ebs [PDK], Memli Krasniqi dhe bashk\u00ebshortet e ish-krer\u00ebve t\u00eb U\u00c7K-s\u00eb t\u00eb cil\u00ebt po mbahen e gjykohen n\u00eb Hag\u00eb nga Dhomat [&hellip;]<\/p>\n","protected":false},"author":1,"featured_media":4700,"comment_status":"open","ping_status":"open","sticky":false,"template":"","format":"standard","meta":{"footnotes":""},"categories":[19],"tags":[],"class_list":["post-4699","post","type-post","status-publish","format-standard","has-post-thumbnail","hentry","category-eko"],"_links":{"self":[{"href":"https:\/\/radiogjilani.com\/index.php\/wp-json\/wp\/v2\/posts\/4699","targetHints":{"allow":["GET"]}}],"collection":[{"href":"https:\/\/radiogjilani.com\/index.php\/wp-json\/wp\/v2\/posts"}],"about":[{"href":"https:\/\/radiogjilani.com\/index.php\/wp-json\/wp\/v2\/types\/post"}],"author":[{"embeddable":true,"href":"https:\/\/radiogjilani.com\/index.php\/wp-json\/wp\/v2\/users\/1"}],"replies":[{"embeddable":true,"href":"https:\/\/radiogjilani.com\/index.php\/wp-json\/wp\/v2\/comments?post=4699"}],"version-history":[{"count":0,"href":"https:\/\/radiogjilani.com\/index.php\/wp-json\/wp\/v2\/posts\/4699\/revisions"}],"wp:featuredmedia":[{"embeddable":true,"href":"https:\/\/radiogjilani.com\/index.php\/wp-json\/wp\/v2\/media\/4700"}],"wp:attachment":[{"href":"https:\/\/radiogjilani.com\/index.php\/wp-json\/wp\/v2\/media?parent=4699"}],"wp:term":[{"taxonomy":"category","embeddable":true,"href":"https:\/\/radiogjilani.com\/index.php\/wp-json\/wp\/v2\/categories?post=4699"},{"taxonomy":"post_tag","embeddable":true,"href":"https:\/\/radiogjilani.com\/index.php\/wp-json\/wp\/v2\/tags?post=4699"}],"curies":[{"name":"wp","href":"https:\/\/api.w.org\/{rel}","templated":true}]}}