{"id":4721,"date":"2024-06-11T12:40:45","date_gmt":"2024-06-11T12:40:45","guid":{"rendered":"https:\/\/radiogjilani.com\/index.php\/2024\/06\/11\/blinken-thote-se-fati-i-planit-per-armepushim-varet-nga-hamasi\/"},"modified":"2024-06-11T12:40:45","modified_gmt":"2024-06-11T12:40:45","slug":"blinken-thote-se-fati-i-planit-per-armepushim-varet-nga-hamasi","status":"publish","type":"post","link":"https:\/\/radiogjilani.com\/index.php\/2024\/06\/11\/blinken-thote-se-fati-i-planit-per-armepushim-varet-nga-hamasi\/","title":{"rendered":"Blinken thot\u00eb se fati i planit p\u00ebr arm\u00ebpushim varet nga Hamasi"},"content":{"rendered":"<p>Sekretari amerikan i Shtetit Antony Blinken ka th\u00ebn\u00eb se n\u00ebse nj\u00eb plan arm\u00ebpushimi i mb\u00ebshtetur nga SHBA dhe OKB nuk p\u00ebrparon, Hamasi do t\u00eb jet\u00eb fajtor.<\/p>\n<p>Blinken p\u00ebrs\u00ebriti thirrjen e tij p\u00ebr Hamasin q\u00eb t\u00eb pranoj\u00eb planin si\u00e7 \u00ebsht\u00eb p\u00ebrshkruar nga Presidenti Biden 11 dit\u00eb m\u00eb par\u00eb.<\/p>\n<p>Ai tha se p\u00ebrgjegj\u00ebsia ishte mbi \u201cnj\u00eb djal\u00eb\u201d q\u00eb fshihte \u201cdhjet\u00eb kate n\u00ebn tok\u00eb n\u00eb Gaza\u201d p\u00ebr t\u00eb votuar, duke iu referuar liderit t\u00eb Hamasit, Yahya Sinwar.<\/p>\n<p>Blinken tha se kryeministri izraelit Benjamin Netanyahu kishte \u201criafirmuar angazhimin e tij\u201d ndaj propozimit kur ata mbajt\u00ebn bisedime n\u00eb Jerusalem t\u00eb h\u00ebn\u00ebn.<\/p>\n<div class=\"ads square\">\n<p><a href=\"https:\/\/track.adform.net\/C\/?bn=73199340;C=0\" target=\"_blank\" rel=\"noopener\"><\/p>\n<p><img loading=\"lazy\" decoding=\"async\" src=\"https:\/\/track.adform.net\/adfserve\/?bn=73199340;srctype=4;ord=%5Btimestamp%5D\" border=\"0\" width=\"300\" height=\"250\" alt=\"\"><\/p>\n<p><\/a><\/p><\/div>\n<p>Netanyahu nuk e ka miratuar publikisht at\u00eb q\u00eb Biden p\u00ebrshkroi dhe as nuk tha n\u00ebse p\u00ebrputhet me nj\u00eb propozim izraelit n\u00eb t\u00eb cilin bazohej deklarata e zotit Biden.<\/p>\n<p>Blinken e p\u00ebrshkroi si nj\u00eb \u201cshenj\u00eb shpres\u00ebdh\u00ebn\u00ebse\u201d p\u00ebrgjigjen e Hamasit ndaj nj\u00eb rezolute t\u00eb miratuar nga K\u00ebshilli i Sigurimit i OKB-s\u00eb t\u00eb h\u00ebn\u00ebn, duke mb\u00ebshtetur at\u00eb q\u00eb kishte njoftuar Biden.<\/p>\n<p>Rezoluta vuri n\u00eb dukje se Izraeli kishte pranuar at\u00eb q\u00eb Biden kishte paraqitur dhe i b\u00ebri thirrje Hamasit ta b\u00ebnte k\u00ebt\u00eb gjithashtu.<\/p>\n<p>Hamasi l\u00ebshoi \u200b\u200bnj\u00eb deklarat\u00eb t\u00eb mart\u00ebn duke p\u00ebrsh\u00ebndetur \u201c\u00e7far\u00eb p\u00ebrfshihej\u201d n\u00eb rezolut\u00eb.<\/p>\n<p>Por Blinken tha se p\u00ebrgjigja e Hamasit nuk ishte p\u00ebrfundimtare, duke shtuar se \u201cajo q\u00eb ka r\u00ebnd\u00ebsi\u201d \u00ebsht\u00eb ajo q\u00eb thuhet nga udh\u00ebheqja e Hamasit n\u00eb Gaza, \u201cdhe kjo \u00ebsht\u00eb ajo q\u00eb ne nuk e kemi\u201d.<\/p>\n<p>N\u00ebse propozimi nuk do t\u00eb procedohej, at\u00ebher\u00eb ishte \u201cn\u00eb dor\u00ebn e tyre\u201d, tha ai.<\/p>\n<p><em>Marr\u00eb nga BBC, p\u00ebrshtatur p\u00ebr Albanian Post<\/em><\/p>\n<p>The post <a rel=\"nofollow\" href=\"https:\/\/albanianpost.com\/blinken-thote-se-fati-i-planit-per-armepushim-varet-nga-hamasi\/\">Blinken thot\u00eb se fati i planit p\u00ebr arm\u00ebpushim varet nga Hamasi<\/a> appeared first on <a rel=\"nofollow\" href=\"https:\/\/albanianpost.com\/\">Albanian Post<\/a>.<\/p>\n","protected":false},"excerpt":{"rendered":"<p>Sekretari amerikan i Shtetit Antony Blinken ka th\u00ebn\u00eb se n\u00ebse nj\u00eb plan arm\u00ebpushimi i mb\u00ebshtetur nga SHBA dhe OKB nuk p\u00ebrparon, Hamasi do t\u00eb jet\u00eb fajtor. Blinken p\u00ebrs\u00ebriti thirrjen e tij p\u00ebr Hamasin q\u00eb t\u00eb pranoj\u00eb planin si\u00e7 \u00ebsht\u00eb p\u00ebrshkruar nga Presidenti Biden 11 dit\u00eb m\u00eb par\u00eb. Ai tha se p\u00ebrgjegj\u00ebsia ishte mbi \u201cnj\u00eb djal\u00eb\u201d [&hellip;]<\/p>\n","protected":false},"author":1,"featured_media":4722,"comment_status":"open","ping_status":"open","sticky":false,"template":"","format":"standard","meta":{"footnotes":""},"categories":[1],"tags":[],"class_list":["post-4721","post","type-post","status-publish","format-standard","has-post-thumbnail","hentry","category-uncategorized"],"_links":{"self":[{"href":"https:\/\/radiogjilani.com\/index.php\/wp-json\/wp\/v2\/posts\/4721","targetHints":{"allow":["GET"]}}],"collection":[{"href":"https:\/\/radiogjilani.com\/index.php\/wp-json\/wp\/v2\/posts"}],"about":[{"href":"https:\/\/radiogjilani.com\/index.php\/wp-json\/wp\/v2\/types\/post"}],"author":[{"embeddable":true,"href":"https:\/\/radiogjilani.com\/index.php\/wp-json\/wp\/v2\/users\/1"}],"replies":[{"embeddable":true,"href":"https:\/\/radiogjilani.com\/index.php\/wp-json\/wp\/v2\/comments?post=4721"}],"version-history":[{"count":0,"href":"https:\/\/radiogjilani.com\/index.php\/wp-json\/wp\/v2\/posts\/4721\/revisions"}],"wp:featuredmedia":[{"embeddable":true,"href":"https:\/\/radiogjilani.com\/index.php\/wp-json\/wp\/v2\/media\/4722"}],"wp:attachment":[{"href":"https:\/\/radiogjilani.com\/index.php\/wp-json\/wp\/v2\/media?parent=4721"}],"wp:term":[{"taxonomy":"category","embeddable":true,"href":"https:\/\/radiogjilani.com\/index.php\/wp-json\/wp\/v2\/categories?post=4721"},{"taxonomy":"post_tag","embeddable":true,"href":"https:\/\/radiogjilani.com\/index.php\/wp-json\/wp\/v2\/tags?post=4721"}],"curies":[{"name":"wp","href":"https:\/\/api.w.org\/{rel}","templated":true}]}}