{"id":4749,"date":"2024-06-12T13:29:57","date_gmt":"2024-06-12T13:29:57","guid":{"rendered":"https:\/\/radiogjilani.com\/index.php\/2024\/06\/12\/zbulohet-shtatorja-e-ish-kryeministrit-britanik-tony-blair-ne-ferizaj\/"},"modified":"2024-06-12T13:29:57","modified_gmt":"2024-06-12T13:29:57","slug":"zbulohet-shtatorja-e-ish-kryeministrit-britanik-tony-blair-ne-ferizaj","status":"publish","type":"post","link":"https:\/\/radiogjilani.com\/index.php\/2024\/06\/12\/zbulohet-shtatorja-e-ish-kryeministrit-britanik-tony-blair-ne-ferizaj\/","title":{"rendered":"Zbulohet shtatorja e ish-kryeministrit britanik Tony Blair n\u00eb Ferizaj"},"content":{"rendered":"<p>\u00cbsht\u00eb zbuluar shtatorja prej dy metrash e ish-kryeministrit t\u00eb Mbret\u00ebris\u00eb s\u00eb Bashkuar, Tony Blair n\u00eb Ferizaj.<\/p>\n<p>Ndryshe, m\u00eb 10 qershor, Blair, vizitoi Kosov\u00ebn dhe u takuar me krer\u00ebt e shtetit e mbajti nj\u00eb fjalim n\u00eb Kuvend.<\/p>\n<p>Nd\u00ebrkaq, komuna e Prishtin\u00ebs, e ka nderuar at\u00eb me \u201c\u00c7el\u00ebsin e Qytetit\u201d, e po ashtu e ka shpallur \u201cQytetar nderi t\u00eb Prishtin\u00ebs\u201d.<\/p>\n<p>Blair, ka qen\u00eb kryeminist\u00ebr i Britanis\u00eb s\u00eb Madhe n\u00eb koh\u00ebn e bombardimeve t\u00eb NATO-s ndaj caqeve ushtarake dhe policore serbe.<\/p>\n<div class=\"ads square\">\n<p><a href=\"https:\/\/track.adform.net\/C\/?bn=73199340;C=0\" target=\"_blank\" rel=\"noopener\"><\/p>\n<p><img loading=\"lazy\" decoding=\"async\" src=\"https:\/\/track.adform.net\/adfserve\/?bn=73199340;srctype=4;ord=%5Btimestamp%5D\" border=\"0\" width=\"300\" height=\"250\" alt=\"\"><\/p>\n<p><\/a><\/p><\/div>\n<p>Kujtojm\u00eb se Blair iu drejtua Parlamentit t\u00eb Britanis\u00eb s\u00eb Madhe m\u00eb 23 mars 1999 duke th\u00ebn\u00eb se \u201d\u00e7do fshat shqiptar n\u00eb rajonin e Drenic\u00ebs \u00ebsht\u00eb n\u00eb flak\u00eb\u201d.<\/p>\n<p>The post <a rel=\"nofollow\" href=\"https:\/\/albanianpost.com\/zbulohet-shtatorja-e-ish-kryeministrit-britanik-tony-blair-ne-ferizaj\/\">Zbulohet shtatorja e ish-kryeministrit britanik Tony Blair n\u00eb Ferizaj<\/a> appeared first on <a rel=\"nofollow\" href=\"https:\/\/albanianpost.com\/\">Albanian Post<\/a>.<\/p>\n","protected":false},"excerpt":{"rendered":"<p>\u00cbsht\u00eb zbuluar shtatorja prej dy metrash e ish-kryeministrit t\u00eb Mbret\u00ebris\u00eb s\u00eb Bashkuar, Tony Blair n\u00eb Ferizaj. Ndryshe, m\u00eb 10 qershor, Blair, vizitoi Kosov\u00ebn dhe u takuar me krer\u00ebt e shtetit e mbajti nj\u00eb fjalim n\u00eb Kuvend. Nd\u00ebrkaq, komuna e Prishtin\u00ebs, e ka nderuar at\u00eb me \u201c\u00c7el\u00ebsin e Qytetit\u201d, e po ashtu e ka shpallur \u201cQytetar [&hellip;]<\/p>\n","protected":false},"author":1,"featured_media":4750,"comment_status":"open","ping_status":"open","sticky":false,"template":"","format":"standard","meta":{"footnotes":""},"categories":[1],"tags":[],"class_list":["post-4749","post","type-post","status-publish","format-standard","has-post-thumbnail","hentry","category-uncategorized"],"_links":{"self":[{"href":"https:\/\/radiogjilani.com\/index.php\/wp-json\/wp\/v2\/posts\/4749","targetHints":{"allow":["GET"]}}],"collection":[{"href":"https:\/\/radiogjilani.com\/index.php\/wp-json\/wp\/v2\/posts"}],"about":[{"href":"https:\/\/radiogjilani.com\/index.php\/wp-json\/wp\/v2\/types\/post"}],"author":[{"embeddable":true,"href":"https:\/\/radiogjilani.com\/index.php\/wp-json\/wp\/v2\/users\/1"}],"replies":[{"embeddable":true,"href":"https:\/\/radiogjilani.com\/index.php\/wp-json\/wp\/v2\/comments?post=4749"}],"version-history":[{"count":0,"href":"https:\/\/radiogjilani.com\/index.php\/wp-json\/wp\/v2\/posts\/4749\/revisions"}],"wp:featuredmedia":[{"embeddable":true,"href":"https:\/\/radiogjilani.com\/index.php\/wp-json\/wp\/v2\/media\/4750"}],"wp:attachment":[{"href":"https:\/\/radiogjilani.com\/index.php\/wp-json\/wp\/v2\/media?parent=4749"}],"wp:term":[{"taxonomy":"category","embeddable":true,"href":"https:\/\/radiogjilani.com\/index.php\/wp-json\/wp\/v2\/categories?post=4749"},{"taxonomy":"post_tag","embeddable":true,"href":"https:\/\/radiogjilani.com\/index.php\/wp-json\/wp\/v2\/tags?post=4749"}],"curies":[{"name":"wp","href":"https:\/\/api.w.org\/{rel}","templated":true}]}}