{"id":4751,"date":"2024-06-12T13:29:56","date_gmt":"2024-06-12T13:29:56","guid":{"rendered":"https:\/\/radiogjilani.com\/index.php\/2024\/06\/12\/gjyqtaret-e-hunter-biden-thone-se-politika-nuk-ka-ndikuar-ne-vendimin-ndaj-tij\/"},"modified":"2024-06-12T13:29:56","modified_gmt":"2024-06-12T13:29:56","slug":"gjyqtaret-e-hunter-biden-thone-se-politika-nuk-ka-ndikuar-ne-vendimin-ndaj-tij","status":"publish","type":"post","link":"https:\/\/radiogjilani.com\/index.php\/2024\/06\/12\/gjyqtaret-e-hunter-biden-thone-se-politika-nuk-ka-ndikuar-ne-vendimin-ndaj-tij\/","title":{"rendered":"Gjyqtar\u00ebt e Hunter Biden thon\u00eb se politika nuk ka ndikuar n\u00eb vendimin ndaj tij"},"content":{"rendered":"<p>Trupi gjykues q\u00eb d\u00ebnoi Hunter Biden kan\u00eb th\u00ebn\u00eb se nuk kan\u00eb menduar p\u00ebr baban\u00eb e tij apo politik\u00ebn kur kan\u00eb marr\u00eb vendimin.<\/p>\n<p>\u201cUn\u00eb kurr\u00eb nuk kam menduar p\u00ebr presidentin Joe Biden\u201d, ka th\u00ebn\u00eb nj\u00eb nga gjykat\u00ebsit menj\u00ebher\u00eb pas vendimit.<\/p>\n<p>Po ashtu ai ka shtuar se 11 koleg\u00ebt e tij e konsideruan \u201ct\u00eb r\u00ebnd\u00ebsishme\u201d ndarjen e fakteve t\u00eb \u00e7\u00ebshtjes nga familja.<\/p>\n<p>\u201cNga t\u00eb gjith\u00eb an\u00ebtar\u00ebt e juris\u00eb, askush nuk p\u00ebrmendi asgj\u00eb rreth motivimeve politike\u201d, ka th\u00ebn\u00eb ai.<\/p>\n<div class=\"ads square\">\n<p><a href=\"https:\/\/track.adform.net\/C\/?bn=73199340;C=0\" target=\"_blank\" rel=\"noopener\"><\/p>\n<p><img loading=\"lazy\" decoding=\"async\" src=\"https:\/\/track.adform.net\/adfserve\/?bn=73199340;srctype=4;ord=%5Btimestamp%5D\" border=\"0\" width=\"300\" height=\"250\" alt=\"\"><\/p>\n<p><\/a><\/p><\/div>\n<p>Vendimi ka nxitur shum\u00eb reagime politike, me republikan\u00ebt e Kongresit q\u00eb hetuan Hunter Biden p\u00ebr vite t\u00eb t\u00ebra q\u00eb e mir\u00ebprit\u00ebn vendimin.<\/p>\n<p>Demokrat\u00ebt kan\u00eb k\u00ebmb\u00ebngulur se kjo nuk do t\u00eb ndikoj\u00eb n\u00eb fushat\u00ebn e rizgjedhjes s\u00eb presidentit.<\/p>\n<p>N\u00eb nj\u00eb intervist\u00eb t\u00eb shkurt\u00ebr, gjyqtari n\u00eb fjal\u00eb i ka th\u00ebn\u00eb BBC-s\u00eb se nuk kishte marr\u00eb parasysh n\u00ebse kjo do t\u00eb ndikonte n\u00eb zgjedhjet e n\u00ebntorit.<\/p>\n<p>Nd\u00ebrkoh\u00eb, dy an\u00ebtar\u00eb t\u00eb tjer\u00eb t\u00eb trup\u00ebs gjykuese kan\u00eb th\u00ebn\u00eb se nuk ndjen\u00eb asnj\u00eb presion gjat\u00eb diskutimeve, pavar\u00ebsisht natyr\u00ebs s\u00eb profilit t\u00eb lart\u00eb t\u00eb gjyqit, gjat\u00eb nj\u00eb viti zgjedhor.<\/p>\n<p>T\u00eb tjer\u00eb kan\u00eb th\u00ebn\u00eb se politika nuk e ndikoi vendimin e tyre, por disa kishin shqet\u00ebsime p\u00ebr rastin.<\/p>\n<p>Nj\u00eb prej tyre ka th\u00ebn\u00eb se rasti \u201cdukej si humbje e dollar\u00ebve t\u00eb taksapaguesve\u201d, nd\u00ebrsa nj\u00eb tjet\u00ebr ka th\u00ebn\u00eb se procesi ishte \u201cpak zhg\u00ebnjyes sepse ndihej sikur nuk mund ta kuptonim historin\u00eb e plot\u00eb\u201d.<\/p>\n<p>Pavar\u00ebsisht nga k\u00ebto zhg\u00ebnjime, juria ishte n\u00eb gjendje t\u00eb arrinte nj\u00eb vendim brenda vet\u00ebm tre or\u00ebve nga gjyqi nj\u00ebjavor.<\/p>\n<p>Biden u b\u00eb djali i par\u00eb i nj\u00eb presidenti n\u00eb detyr\u00eb t\u00eb SHBA-ve q\u00eb u d\u00ebnua penalisht t\u00eb mart\u00ebn, kur juria e gjeti at\u00eb fajtor p\u00ebr nj\u00eb g\u00ebnjesht\u00ebr p\u00ebr p\u00ebrdorimin e drog\u00ebs kur bleu nj\u00eb pistolet\u00eb n\u00eb vitin2018.<\/p>\n<p>P\u00ebrpara se \u00e7\u00ebshtja t\u00eb shkonte n\u00eb gjyq, ai u deklarua i pafajsh\u00ebm p\u00ebr akuzat, duke pretenduar se nuk g\u00ebnjeu n\u00eb formular sepse ishte n\u00eb sh\u00ebrim nga droga n\u00eb at\u00eb koh\u00eb.<\/p>\n<p>Biden ishte stoik gjat\u00eb leximit t\u00eb vendimit.<\/p>\n<p>Ai p\u00ebrqafoi an\u00ebtar\u00ebt e familjes dhe ekipin e tij ligjor pasi m\u00ebsoi fatin e tij.<\/p>\n<p>Ai do t\u00eb d\u00ebnohet n\u00eb nj\u00eb moment n\u00eb 120 dit\u00ebt e ardhshme, por gjyqtari q\u00eb mbik\u00ebqyr \u00e7\u00ebshtjen nuk caktoi nj\u00eb dat\u00eb.<\/p>\n<blockquote class=\"wp-embedded-content\" data-secret=\"gD64MOmugZ\">\n<p><a href=\"https:\/\/albanianpost.com\/hunter-biden-shpallet-fajtor-per-te-tre-akuzat-e-armembajtjes-pa-leje\/\">Arm\u00ebmbajtja\/ Hunter Biden shpallet fajtor p\u00ebr tre akuza<\/a><\/p>\n<\/blockquote>\n<p>The post <a rel=\"nofollow\" href=\"https:\/\/albanianpost.com\/gjyqtaret-e-hunter-biden-thone-se-politika-nuk-ka-ndikuar-ne-vendimin-ndaj-tij\/\">Gjyqtar\u00ebt e Hunter Biden thon\u00eb se politika nuk ka ndikuar n\u00eb vendimin ndaj tij<\/a> appeared first on <a rel=\"nofollow\" href=\"https:\/\/albanianpost.com\/\">Albanian Post<\/a>.<\/p>\n","protected":false},"excerpt":{"rendered":"<p>Trupi gjykues q\u00eb d\u00ebnoi Hunter Biden kan\u00eb th\u00ebn\u00eb se nuk kan\u00eb menduar p\u00ebr baban\u00eb e tij apo politik\u00ebn kur kan\u00eb marr\u00eb vendimin. \u201cUn\u00eb kurr\u00eb nuk kam menduar p\u00ebr presidentin Joe Biden\u201d, ka th\u00ebn\u00eb nj\u00eb nga gjykat\u00ebsit menj\u00ebher\u00eb pas vendimit. Po ashtu ai ka shtuar se 11 koleg\u00ebt e tij e konsideruan \u201ct\u00eb r\u00ebnd\u00ebsishme\u201d ndarjen e [&hellip;]<\/p>\n","protected":false},"author":1,"featured_media":4752,"comment_status":"open","ping_status":"open","sticky":false,"template":"","format":"standard","meta":{"footnotes":""},"categories":[1],"tags":[],"class_list":["post-4751","post","type-post","status-publish","format-standard","has-post-thumbnail","hentry","category-uncategorized"],"_links":{"self":[{"href":"https:\/\/radiogjilani.com\/index.php\/wp-json\/wp\/v2\/posts\/4751","targetHints":{"allow":["GET"]}}],"collection":[{"href":"https:\/\/radiogjilani.com\/index.php\/wp-json\/wp\/v2\/posts"}],"about":[{"href":"https:\/\/radiogjilani.com\/index.php\/wp-json\/wp\/v2\/types\/post"}],"author":[{"embeddable":true,"href":"https:\/\/radiogjilani.com\/index.php\/wp-json\/wp\/v2\/users\/1"}],"replies":[{"embeddable":true,"href":"https:\/\/radiogjilani.com\/index.php\/wp-json\/wp\/v2\/comments?post=4751"}],"version-history":[{"count":0,"href":"https:\/\/radiogjilani.com\/index.php\/wp-json\/wp\/v2\/posts\/4751\/revisions"}],"wp:featuredmedia":[{"embeddable":true,"href":"https:\/\/radiogjilani.com\/index.php\/wp-json\/wp\/v2\/media\/4752"}],"wp:attachment":[{"href":"https:\/\/radiogjilani.com\/index.php\/wp-json\/wp\/v2\/media?parent=4751"}],"wp:term":[{"taxonomy":"category","embeddable":true,"href":"https:\/\/radiogjilani.com\/index.php\/wp-json\/wp\/v2\/categories?post=4751"},{"taxonomy":"post_tag","embeddable":true,"href":"https:\/\/radiogjilani.com\/index.php\/wp-json\/wp\/v2\/tags?post=4751"}],"curies":[{"name":"wp","href":"https:\/\/api.w.org\/{rel}","templated":true}]}}