{"id":4765,"date":"2024-06-12T13:29:49","date_gmt":"2024-06-12T13:29:49","guid":{"rendered":"https:\/\/radiogjilani.com\/index.php\/2024\/06\/12\/vucic-me-rezoluten-1244-do-te-duhej-te-kishim-1-mije-trupa-ne-kosove\/"},"modified":"2024-06-12T13:29:49","modified_gmt":"2024-06-12T13:29:49","slug":"vucic-me-rezoluten-1244-do-te-duhej-te-kishim-1-mije-trupa-ne-kosove","status":"publish","type":"post","link":"https:\/\/radiogjilani.com\/index.php\/2024\/06\/12\/vucic-me-rezoluten-1244-do-te-duhej-te-kishim-1-mije-trupa-ne-kosove\/","title":{"rendered":"Vu\u00e7i\u00e7: Me rezolut\u00ebn 1244 do t\u00eb duhej t\u00eb kishim 1 mij\u00eb trupa n\u00eb Kosov\u00eb"},"content":{"rendered":"<p>Presidenti i Serbis\u00eb, Aleksand\u00ebr Vu\u00e7i\u00e7, n\u00eb 25 vjetorin e \u00c7lirimit t\u00eb Kosov\u00ebs, ka pretenduar se Rezoluta 1244 e Organizat\u00ebs s\u00eb Kombeve t\u00eb Bashkuara, po impelemntohet pjes\u00ebrisht, meq\u00eb Per\u00ebndimi po e zbaton vet\u00ebm pjes\u00ebn q\u00eb u konvenon atyre.<\/p>\n<p>\u201cAtyre u p\u00eblqen q\u00eb n\u00eb rezolut\u00ebn 1244 mund t\u00eb d\u00ebrgojn\u00eb trupa t\u00eb NATO-s n\u00eb Kosov\u00eb, por nuk u p\u00eblqen q\u00eb Serbia t\u00eb d\u00ebrgoj\u00eb deri n\u00eb nj\u00eb mij\u00eb ushtar\u00eb dhe polic\u00eb t\u00eb saj\u201d, ka pretenduar ai, transmeton Radio Televizioni i Serbis\u00eb, RTS.<\/p>\n<p>Kosova t\u00eb m\u00ebrkur\u00ebn e 12 qershorit sh\u00ebnon 25-vjetorin e Dit\u00ebs s\u00eb \u00c7lirimit, kur trupat paqeruajt\u00ebse t\u00eb NATO-s (KFOR-i) hyn\u00eb n\u00eb Kosov\u00eb pas fushat\u00ebs ajrore t\u00eb Aleanc\u00ebs s\u00eb Veri-Atlantikut kund\u00ebr caqeve ushtarake e policore serbe n\u00eb Kosov\u00eb dhe Serbi.<\/p>\n<p>Fushata bombarduese e NATO-s, q\u00eb zgjati 78 dit\u00eb, p\u00ebrfundoi m\u00eb 10 qershor 1999, pas miratimit t\u00eb Rezolut\u00ebs 1244 t\u00eb K\u00ebshillit t\u00eb Sigurimit t\u00eb Organizat\u00ebs s\u00eb Kombeve t\u00eb Bashkuara (OKB).<\/p>\n<div class=\"ads square\">\n<p><a href=\"https:\/\/track.adform.net\/C\/?bn=73199340;C=0\" target=\"_blank\" rel=\"noopener\"><\/p>\n<p><img loading=\"lazy\" decoding=\"async\" src=\"https:\/\/track.adform.net\/adfserve\/?bn=73199340;srctype=4;ord=%5Btimestamp%5D\" border=\"0\" width=\"300\" height=\"250\" alt=\"\"><\/p>\n<p><\/a><\/p><\/div>\n<p>Rezoluta 1244 vendosi n\u00eb Kosov\u00eb administrat\u00ebn e p\u00ebrkohshme t\u00eb OKB-s\u00eb, UNMIK, p\u00ebr t\u00eb administruar me vendin, p\u00ebr nj\u00eb periudh\u00eb transitore deri n\u00eb ngritjen e kapaciteteve vendore dhe zgjidhjen e statusit t\u00eb Kosov\u00ebs.<\/p>\n<p>Ajo, po ashtu, siguroi baz\u00ebn ligjore p\u00ebr vendosjen e 50 mij\u00eb trupave paqeruajt\u00ebse t\u00eb udh\u00ebhequra nga NATO-ja (KFOR-in).<\/p>\n<p>The post <a rel=\"nofollow\" href=\"https:\/\/albanianpost.com\/vucic-me-rezoluten-1244-do-te-duhej-te-kishim-1-mije-trupa-ne-kosove\/\">Vu\u00e7i\u00e7: Me rezolut\u00ebn 1244 do t\u00eb duhej t\u00eb kishim 1 mij\u00eb trupa n\u00eb Kosov\u00eb<\/a> appeared first on <a rel=\"nofollow\" href=\"https:\/\/albanianpost.com\/\">Albanian Post<\/a>.<\/p>\n","protected":false},"excerpt":{"rendered":"<p>Presidenti i Serbis\u00eb, Aleksand\u00ebr Vu\u00e7i\u00e7, n\u00eb 25 vjetorin e \u00c7lirimit t\u00eb Kosov\u00ebs, ka pretenduar se Rezoluta 1244 e Organizat\u00ebs s\u00eb Kombeve t\u00eb Bashkuara, po impelemntohet pjes\u00ebrisht, meq\u00eb Per\u00ebndimi po e zbaton vet\u00ebm pjes\u00ebn q\u00eb u konvenon atyre. \u201cAtyre u p\u00eblqen q\u00eb n\u00eb rezolut\u00ebn 1244 mund t\u00eb d\u00ebrgojn\u00eb trupa t\u00eb NATO-s n\u00eb Kosov\u00eb, por nuk u [&hellip;]<\/p>\n","protected":false},"author":1,"featured_media":4766,"comment_status":"open","ping_status":"open","sticky":false,"template":"","format":"standard","meta":{"footnotes":""},"categories":[1],"tags":[],"class_list":["post-4765","post","type-post","status-publish","format-standard","has-post-thumbnail","hentry","category-uncategorized"],"_links":{"self":[{"href":"https:\/\/radiogjilani.com\/index.php\/wp-json\/wp\/v2\/posts\/4765","targetHints":{"allow":["GET"]}}],"collection":[{"href":"https:\/\/radiogjilani.com\/index.php\/wp-json\/wp\/v2\/posts"}],"about":[{"href":"https:\/\/radiogjilani.com\/index.php\/wp-json\/wp\/v2\/types\/post"}],"author":[{"embeddable":true,"href":"https:\/\/radiogjilani.com\/index.php\/wp-json\/wp\/v2\/users\/1"}],"replies":[{"embeddable":true,"href":"https:\/\/radiogjilani.com\/index.php\/wp-json\/wp\/v2\/comments?post=4765"}],"version-history":[{"count":0,"href":"https:\/\/radiogjilani.com\/index.php\/wp-json\/wp\/v2\/posts\/4765\/revisions"}],"wp:featuredmedia":[{"embeddable":true,"href":"https:\/\/radiogjilani.com\/index.php\/wp-json\/wp\/v2\/media\/4766"}],"wp:attachment":[{"href":"https:\/\/radiogjilani.com\/index.php\/wp-json\/wp\/v2\/media?parent=4765"}],"wp:term":[{"taxonomy":"category","embeddable":true,"href":"https:\/\/radiogjilani.com\/index.php\/wp-json\/wp\/v2\/categories?post=4765"},{"taxonomy":"post_tag","embeddable":true,"href":"https:\/\/radiogjilani.com\/index.php\/wp-json\/wp\/v2\/tags?post=4765"}],"curies":[{"name":"wp","href":"https:\/\/api.w.org\/{rel}","templated":true}]}}