{"id":478,"date":"2024-04-02T14:31:02","date_gmt":"2024-04-02T14:31:02","guid":{"rendered":"https:\/\/radiogjilani.com\/index.php\/2024\/04\/02\/qeveria-ndan-4-milione-euro-shtese-per-ndertimin-shtepive-ne-veri\/"},"modified":"2024-04-02T14:31:02","modified_gmt":"2024-04-02T14:31:02","slug":"qeveria-ndan-4-milione-euro-shtese-per-ndertimin-shtepive-ne-veri","status":"publish","type":"post","link":"https:\/\/radiogjilani.com\/index.php\/2024\/04\/02\/qeveria-ndan-4-milione-euro-shtese-per-ndertimin-shtepive-ne-veri\/","title":{"rendered":"Qeveria ndan 4 milion\u00eb euro shtes\u00eb p\u00ebr nd\u00ebrtimin sht\u00ebpive n\u00eb Veri"},"content":{"rendered":"<p>Qeveria e Kosov\u00ebs n\u00eb mbledhjen e 198-t\u00eb t\u00eb saj ka miratuar vendimin p\u00ebr ndarjen e 4 milion\u00eb eurove shtes\u00eb p\u00ebr subvencionimin e nd\u00ebrtimit t\u00eb sht\u00ebpive p\u00ebr pjes\u00ebtar\u00ebt e komuniteteve pakic\u00eb n\u00eb kat\u00ebr komunat n\u00eb Veri: Mitrovic\u00eb t\u00eb Veriut, Zve\u00e7an, Leposaviq dhe Zubin-Potok.<\/p>\n<p>Kryeministri i Kosov\u00ebs, Albin Kurti, tha se ky vendim do t\u2019i sh\u00ebrbej\u00eb rritjes s\u00eb mir\u00ebqenies s\u00eb qytetar\u00ebve.<\/p>\n<p>N\u00eb an\u00ebn tjet\u00ebr ministri i Financave, Hekuran Murati, ka th\u00ebn\u00eb se kjo \u00ebsht\u00eb nj\u00eb k\u00ebrkes\u00eb shtes\u00eb p\u00ebr t\u00eb p\u00ebrmbushur nevojat q\u00eb kan\u00eb qen\u00eb gjat\u00eb fazave t\u00eb m\u00ebhershme t\u00eb aplikimit p\u00ebr nd\u00ebrtim apo rind\u00ebrtim t\u00eb sht\u00ebpive nga komunitetet pakic\u00eb.<\/p>\n<p>Gjat\u00eb mbledhjes Qeveria e Kosov\u00ebs ka miratuar edhe vendimin p\u00ebr shpron\u00ebsimet shtes\u00eb p\u00ebr nd\u00ebrtimin e autostrad\u00ebs Prishtin\u00eb \u2013 Gjilan.<\/p>\n<p>Ministrat kan\u00eb miratuar edhe draftin e Programit komb\u00ebtar p\u00ebr integrimin Evropian 2024-2028 si dhe draftin e Deklarat\u00ebs s\u00eb prioriteteve afatmesme t\u00eb Qeveris\u00eb 2025-2027.<\/p>\n<p>Qeveria ka themeluar edhe grupin punues nd\u00ebrinstitucional p\u00ebr p\u00ebrgatitjen e pjes\u00ebmarrjes s\u00eb Kosov\u00ebs n\u00eb EXPO 2025.<\/p>\n<p>The post <a rel=\"nofollow\" href=\"https:\/\/albanianpost.com\/qeveria-ndan-4-milione-euro-shtese-per-ndertimin-shtepive-ne-veri\/\">Qeveria ndan 4 milion\u00eb euro shtes\u00eb p\u00ebr nd\u00ebrtimin sht\u00ebpive n\u00eb Veri<\/a> appeared first on <a rel=\"nofollow\" href=\"https:\/\/albanianpost.com\/\">Albanian Post<\/a>.<\/p>\n","protected":false},"excerpt":{"rendered":"<p>Qeveria e Kosov\u00ebs n\u00eb mbledhjen e 198-t\u00eb t\u00eb saj ka miratuar vendimin p\u00ebr ndarjen e 4 milion\u00eb eurove shtes\u00eb p\u00ebr subvencionimin e nd\u00ebrtimit t\u00eb sht\u00ebpive p\u00ebr pjes\u00ebtar\u00ebt e komuniteteve pakic\u00eb n\u00eb kat\u00ebr komunat n\u00eb Veri: Mitrovic\u00eb t\u00eb Veriut, Zve\u00e7an, Leposaviq dhe Zubin-Potok. Kryeministri i Kosov\u00ebs, Albin Kurti, tha se ky vendim do t\u2019i sh\u00ebrbej\u00eb rritjes [&hellip;]<\/p>\n","protected":false},"author":1,"featured_media":479,"comment_status":"open","ping_status":"open","sticky":false,"template":"","format":"standard","meta":{"footnotes":""},"categories":[1],"tags":[],"class_list":["post-478","post","type-post","status-publish","format-standard","has-post-thumbnail","hentry","category-uncategorized"],"_links":{"self":[{"href":"https:\/\/radiogjilani.com\/index.php\/wp-json\/wp\/v2\/posts\/478","targetHints":{"allow":["GET"]}}],"collection":[{"href":"https:\/\/radiogjilani.com\/index.php\/wp-json\/wp\/v2\/posts"}],"about":[{"href":"https:\/\/radiogjilani.com\/index.php\/wp-json\/wp\/v2\/types\/post"}],"author":[{"embeddable":true,"href":"https:\/\/radiogjilani.com\/index.php\/wp-json\/wp\/v2\/users\/1"}],"replies":[{"embeddable":true,"href":"https:\/\/radiogjilani.com\/index.php\/wp-json\/wp\/v2\/comments?post=478"}],"version-history":[{"count":0,"href":"https:\/\/radiogjilani.com\/index.php\/wp-json\/wp\/v2\/posts\/478\/revisions"}],"wp:featuredmedia":[{"embeddable":true,"href":"https:\/\/radiogjilani.com\/index.php\/wp-json\/wp\/v2\/media\/479"}],"wp:attachment":[{"href":"https:\/\/radiogjilani.com\/index.php\/wp-json\/wp\/v2\/media?parent=478"}],"wp:term":[{"taxonomy":"category","embeddable":true,"href":"https:\/\/radiogjilani.com\/index.php\/wp-json\/wp\/v2\/categories?post=478"},{"taxonomy":"post_tag","embeddable":true,"href":"https:\/\/radiogjilani.com\/index.php\/wp-json\/wp\/v2\/tags?post=478"}],"curies":[{"name":"wp","href":"https:\/\/api.w.org\/{rel}","templated":true}]}}