{"id":4787,"date":"2024-06-13T14:19:17","date_gmt":"2024-06-13T14:19:17","guid":{"rendered":"https:\/\/radiogjilani.com\/index.php\/2024\/06\/13\/konferenca-e-rambujese-hasani-tregon-se-si-ishte-refuzuar-viza-per-ne-paris-une-e-kam-dite-afersisht-arsyen\/"},"modified":"2024-06-13T14:19:17","modified_gmt":"2024-06-13T14:19:17","slug":"konferenca-e-rambujese-hasani-tregon-se-si-ishte-refuzuar-viza-per-ne-paris-une-e-kam-dite-afersisht-arsyen","status":"publish","type":"post","link":"https:\/\/radiogjilani.com\/index.php\/2024\/06\/13\/konferenca-e-rambujese-hasani-tregon-se-si-ishte-refuzuar-viza-per-ne-paris-une-e-kam-dite-afersisht-arsyen\/","title":{"rendered":"Konferenca e Rambujes\u00eb, Hasani tregon se si ishte refuzuar viza p\u00ebr n\u00eb Paris: Un\u00eb e kam dit\u00eb af\u00ebrsisht arsyen\u2026"},"content":{"rendered":"<p>Ish-Kryetari i Gjykat\u00ebs Kushtetuese dhe profesori universitar, Enver Hasani, q\u00eb ishte pjes\u00eb e ekipit n\u00eb Konferenc\u00ebn e Rambujes\u00eb q\u00eb i kishte hapur rrug\u00eb nd\u00ebrhyrjes ushtarake t\u00eb NATO\u2019s n\u00eb Kosov\u00eb, ka treguar mbr\u00ebm\u00eb se si i ishte refuzuar viza dhe s\u2019kishte mundur t\u00eb shkonte n\u00eb Paris, ku ishte mbajtur raundi i dyt\u00eb i bisedimeve. Ai tha se arsyeja ka qen\u00eb pik\u00ebrisht roli n\u00eb Rambuje. \u201cN\u00eb Paris nuk kam&#8230;<\/p>\n<p><a href=\"https:\/\/ekonomiaonline.com\/konferenca-e-rambujese-hasani-tregon-se-si-ishte-refuzuar-viza-per-ne-paris-une-e-kam-dite-afersisht-arsyen\/\" rel=\"nofollow\">Source<\/a><\/p>\n","protected":false},"excerpt":{"rendered":"<p>Ish-Kryetari i Gjykat\u00ebs Kushtetuese dhe profesori universitar, Enver Hasani, q\u00eb ishte pjes\u00eb e ekipit n\u00eb Konferenc\u00ebn e Rambujes\u00eb q\u00eb i kishte hapur rrug\u00eb nd\u00ebrhyrjes ushtarake t\u00eb NATO\u2019s n\u00eb Kosov\u00eb, ka treguar mbr\u00ebm\u00eb se si i ishte refuzuar viza dhe s\u2019kishte mundur t\u00eb shkonte n\u00eb Paris, ku ishte mbajtur raundi i dyt\u00eb i bisedimeve. Ai tha [&hellip;]<\/p>\n","protected":false},"author":1,"featured_media":4788,"comment_status":"open","ping_status":"open","sticky":false,"template":"","format":"standard","meta":{"footnotes":""},"categories":[19],"tags":[],"class_list":["post-4787","post","type-post","status-publish","format-standard","has-post-thumbnail","hentry","category-eko"],"_links":{"self":[{"href":"https:\/\/radiogjilani.com\/index.php\/wp-json\/wp\/v2\/posts\/4787","targetHints":{"allow":["GET"]}}],"collection":[{"href":"https:\/\/radiogjilani.com\/index.php\/wp-json\/wp\/v2\/posts"}],"about":[{"href":"https:\/\/radiogjilani.com\/index.php\/wp-json\/wp\/v2\/types\/post"}],"author":[{"embeddable":true,"href":"https:\/\/radiogjilani.com\/index.php\/wp-json\/wp\/v2\/users\/1"}],"replies":[{"embeddable":true,"href":"https:\/\/radiogjilani.com\/index.php\/wp-json\/wp\/v2\/comments?post=4787"}],"version-history":[{"count":0,"href":"https:\/\/radiogjilani.com\/index.php\/wp-json\/wp\/v2\/posts\/4787\/revisions"}],"wp:featuredmedia":[{"embeddable":true,"href":"https:\/\/radiogjilani.com\/index.php\/wp-json\/wp\/v2\/media\/4788"}],"wp:attachment":[{"href":"https:\/\/radiogjilani.com\/index.php\/wp-json\/wp\/v2\/media?parent=4787"}],"wp:term":[{"taxonomy":"category","embeddable":true,"href":"https:\/\/radiogjilani.com\/index.php\/wp-json\/wp\/v2\/categories?post=4787"},{"taxonomy":"post_tag","embeddable":true,"href":"https:\/\/radiogjilani.com\/index.php\/wp-json\/wp\/v2\/tags?post=4787"}],"curies":[{"name":"wp","href":"https:\/\/api.w.org\/{rel}","templated":true}]}}