{"id":4835,"date":"2024-06-14T14:22:02","date_gmt":"2024-06-14T14:22:02","guid":{"rendered":"https:\/\/radiogjilani.com\/index.php\/2024\/06\/14\/kroacia-e-ndihmon-kosoven-ne-zhvillimin-e-kapaciteteve-te-ushtrise\/"},"modified":"2024-06-14T14:22:02","modified_gmt":"2024-06-14T14:22:02","slug":"kroacia-e-ndihmon-kosoven-ne-zhvillimin-e-kapaciteteve-te-ushtrise","status":"publish","type":"post","link":"https:\/\/radiogjilani.com\/index.php\/2024\/06\/14\/kroacia-e-ndihmon-kosoven-ne-zhvillimin-e-kapaciteteve-te-ushtrise\/","title":{"rendered":"Kroacia e ndihmon Kosov\u00ebn n\u00eb zhvillimin e kapaciteteve t\u00eb Ushtris\u00eb"},"content":{"rendered":"<p>Z\u00ebvend\u00ebsministri i Mbrojtjes, Shemsi Syla ka q\u00ebndruar n\u00eb Kroaci me rastin e konferenc\u00ebs ASDA, e cila u mbajt t\u00eb enjten m\u00eb 13 qershor 2024 n\u00eb Hotel \u201cWestin\u201d n\u00eb Zagreb, ku \u00ebsht\u00eb takuar me Sekretarin e Shtetit t\u00eb k\u00ebtij vendi, Zdravko Jakop. Si\u00e7 njofton ministria e Mbrojtjes e Kroacis\u00eb, Jakop bashk\u00eb me Syl\u00ebn konfirmuan bashk\u00ebpunimin e shk\u00eblqyer t\u00eb mbrojtjes nd\u00ebrmjet Kroacis\u00eb dhe Kosov\u00ebs.<\/p>\n<p><a href=\"https:\/\/ekonomiaonline.com\/kroacia-e-ndihmon-kosoven-ne-zhvillimin-e-kapaciteteve-te-ushtrise\/\" rel=\"nofollow\">Source<\/a><\/p>\n","protected":false},"excerpt":{"rendered":"<p>Z\u00ebvend\u00ebsministri i Mbrojtjes, Shemsi Syla ka q\u00ebndruar n\u00eb Kroaci me rastin e konferenc\u00ebs ASDA, e cila u mbajt t\u00eb enjten m\u00eb 13 qershor 2024 n\u00eb Hotel \u201cWestin\u201d n\u00eb Zagreb, ku \u00ebsht\u00eb takuar me Sekretarin e Shtetit t\u00eb k\u00ebtij vendi, Zdravko Jakop. Si\u00e7 njofton ministria e Mbrojtjes e Kroacis\u00eb, Jakop bashk\u00eb me Syl\u00ebn konfirmuan bashk\u00ebpunimin e [&hellip;]<\/p>\n","protected":false},"author":1,"featured_media":4836,"comment_status":"open","ping_status":"open","sticky":false,"template":"","format":"standard","meta":{"footnotes":""},"categories":[19],"tags":[],"class_list":["post-4835","post","type-post","status-publish","format-standard","has-post-thumbnail","hentry","category-eko"],"_links":{"self":[{"href":"https:\/\/radiogjilani.com\/index.php\/wp-json\/wp\/v2\/posts\/4835","targetHints":{"allow":["GET"]}}],"collection":[{"href":"https:\/\/radiogjilani.com\/index.php\/wp-json\/wp\/v2\/posts"}],"about":[{"href":"https:\/\/radiogjilani.com\/index.php\/wp-json\/wp\/v2\/types\/post"}],"author":[{"embeddable":true,"href":"https:\/\/radiogjilani.com\/index.php\/wp-json\/wp\/v2\/users\/1"}],"replies":[{"embeddable":true,"href":"https:\/\/radiogjilani.com\/index.php\/wp-json\/wp\/v2\/comments?post=4835"}],"version-history":[{"count":0,"href":"https:\/\/radiogjilani.com\/index.php\/wp-json\/wp\/v2\/posts\/4835\/revisions"}],"wp:featuredmedia":[{"embeddable":true,"href":"https:\/\/radiogjilani.com\/index.php\/wp-json\/wp\/v2\/media\/4836"}],"wp:attachment":[{"href":"https:\/\/radiogjilani.com\/index.php\/wp-json\/wp\/v2\/media?parent=4835"}],"wp:term":[{"taxonomy":"category","embeddable":true,"href":"https:\/\/radiogjilani.com\/index.php\/wp-json\/wp\/v2\/categories?post=4835"},{"taxonomy":"post_tag","embeddable":true,"href":"https:\/\/radiogjilani.com\/index.php\/wp-json\/wp\/v2\/tags?post=4835"}],"curies":[{"name":"wp","href":"https:\/\/api.w.org\/{rel}","templated":true}]}}