{"id":4841,"date":"2024-06-14T14:21:59","date_gmt":"2024-06-14T14:21:59","guid":{"rendered":"https:\/\/radiogjilani.com\/index.php\/2024\/06\/14\/aip-kemi-ndermarr-te-gjitha-veprimet-ligjore-ndaj-komunes-se-gjakoves-per-perpunim-te-kunderligjshem-te-te-dhenave-personale\/"},"modified":"2024-06-14T14:21:59","modified_gmt":"2024-06-14T14:21:59","slug":"aip-kemi-ndermarr-te-gjitha-veprimet-ligjore-ndaj-komunes-se-gjakoves-per-perpunim-te-kunderligjshem-te-te-dhenave-personale","status":"publish","type":"post","link":"https:\/\/radiogjilani.com\/index.php\/2024\/06\/14\/aip-kemi-ndermarr-te-gjitha-veprimet-ligjore-ndaj-komunes-se-gjakoves-per-perpunim-te-kunderligjshem-te-te-dhenave-personale\/","title":{"rendered":"AIP: Kemi nd\u00ebrmarr t\u00eb gjitha veprimet ligjore ndaj Komun\u00ebs s\u00eb Gjakov\u00ebs, p\u00ebr p\u00ebrpunim t\u00eb kund\u00ebrligjsh\u00ebm t\u00eb t\u00eb dh\u00ebnave personale"},"content":{"rendered":"<p>Agjencia p\u00ebr Informim dhe Privat\u00ebsi (AIP), ka pranuar informacion nga mediat elektronike se, Komuna e Gjakov\u00ebs ka publikuar n\u00eb ueb faqen zyrtare t\u00eb saj (internet) p\u00ebr nj\u00eb koh\u00eb lista me t\u00eb dh\u00ebna personale t\u00eb subjekteve t\u00eb t\u00eb dh\u00ebnave (qytetar\u00ebve) n\u00eb mesin e tyre ka publikuar t\u00eb dh\u00ebna personale t\u00eb ndjeshme (t\u00eb dh\u00ebna sh\u00ebndet\u00ebsore), t\u00eb cil\u00ebt kan\u00eb fituar subvencione sh\u00ebndet\u00ebsore p\u00ebr vitin 2024.<\/p>\n<p><a href=\"https:\/\/ekonomiaonline.com\/aip-kemi-ndermarr-te-gjitha-veprimet-ligjore-ndaj-komunes-se-gjakoves-per-perpunim-te-kunderligjshem-te-te-dhenave-personale\/\" rel=\"nofollow\">Source<\/a><\/p>\n","protected":false},"excerpt":{"rendered":"<p>Agjencia p\u00ebr Informim dhe Privat\u00ebsi (AIP), ka pranuar informacion nga mediat elektronike se, Komuna e Gjakov\u00ebs ka publikuar n\u00eb ueb faqen zyrtare t\u00eb saj (internet) p\u00ebr nj\u00eb koh\u00eb lista me t\u00eb dh\u00ebna personale t\u00eb subjekteve t\u00eb t\u00eb dh\u00ebnave (qytetar\u00ebve) n\u00eb mesin e tyre ka publikuar t\u00eb dh\u00ebna personale t\u00eb ndjeshme (t\u00eb dh\u00ebna sh\u00ebndet\u00ebsore), t\u00eb cil\u00ebt [&hellip;]<\/p>\n","protected":false},"author":1,"featured_media":4842,"comment_status":"open","ping_status":"open","sticky":false,"template":"","format":"standard","meta":{"footnotes":""},"categories":[19],"tags":[],"class_list":["post-4841","post","type-post","status-publish","format-standard","has-post-thumbnail","hentry","category-eko"],"_links":{"self":[{"href":"https:\/\/radiogjilani.com\/index.php\/wp-json\/wp\/v2\/posts\/4841","targetHints":{"allow":["GET"]}}],"collection":[{"href":"https:\/\/radiogjilani.com\/index.php\/wp-json\/wp\/v2\/posts"}],"about":[{"href":"https:\/\/radiogjilani.com\/index.php\/wp-json\/wp\/v2\/types\/post"}],"author":[{"embeddable":true,"href":"https:\/\/radiogjilani.com\/index.php\/wp-json\/wp\/v2\/users\/1"}],"replies":[{"embeddable":true,"href":"https:\/\/radiogjilani.com\/index.php\/wp-json\/wp\/v2\/comments?post=4841"}],"version-history":[{"count":0,"href":"https:\/\/radiogjilani.com\/index.php\/wp-json\/wp\/v2\/posts\/4841\/revisions"}],"wp:featuredmedia":[{"embeddable":true,"href":"https:\/\/radiogjilani.com\/index.php\/wp-json\/wp\/v2\/media\/4842"}],"wp:attachment":[{"href":"https:\/\/radiogjilani.com\/index.php\/wp-json\/wp\/v2\/media?parent=4841"}],"wp:term":[{"taxonomy":"category","embeddable":true,"href":"https:\/\/radiogjilani.com\/index.php\/wp-json\/wp\/v2\/categories?post=4841"},{"taxonomy":"post_tag","embeddable":true,"href":"https:\/\/radiogjilani.com\/index.php\/wp-json\/wp\/v2\/tags?post=4841"}],"curies":[{"name":"wp","href":"https:\/\/api.w.org\/{rel}","templated":true}]}}