{"id":4845,"date":"2024-06-14T14:21:57","date_gmt":"2024-06-14T14:21:57","guid":{"rendered":"https:\/\/radiogjilani.com\/index.php\/2024\/06\/14\/theniet-me-te-fuqishme-nga-indira-gandhi\/"},"modified":"2024-06-14T14:21:57","modified_gmt":"2024-06-14T14:21:57","slug":"theniet-me-te-fuqishme-nga-indira-gandhi","status":"publish","type":"post","link":"https:\/\/radiogjilani.com\/index.php\/2024\/06\/14\/theniet-me-te-fuqishme-nga-indira-gandhi\/","title":{"rendered":"Th\u00ebniet m\u00eb t\u00eb fuqishme nga Indira Gandhi"},"content":{"rendered":"<p>Indira Gandhi ishte nj\u00eb politikane indiane, e cila sh\u00ebrbeu si kryeministre e Indis\u00eb p\u00ebr rreth 15 vjet n\u00eb dy periudha dhe konsiderohet gjer\u00ebsisht si nj\u00eb nga figurat m\u00eb t\u00eb r\u00ebnd\u00ebsishme n\u00eb historin\u00eb e politik\u00ebs s\u00eb Azis\u00eb Jugore. Gandhi ishte e para dhe deri m\u00eb sot, e vetmja kryeministre fem\u00ebr e Indis\u00eb dhe ishte e njohur p\u00ebr q\u00ebndrimin e saj t\u00eb rrept\u00eb n\u00eb nj\u00eb s\u00ebr\u00eb \u00e7\u00ebshtjesh. Ajo \u00ebsht\u00eb ve\u00e7an\u00ebrisht e&#8230;<\/p>\n<p><a href=\"https:\/\/ekonomiaonline.com\/theniet-me-te-fuqishme-nga-indira-gandhi\/\" rel=\"nofollow\">Source<\/a><\/p>\n","protected":false},"excerpt":{"rendered":"<p>Indira Gandhi ishte nj\u00eb politikane indiane, e cila sh\u00ebrbeu si kryeministre e Indis\u00eb p\u00ebr rreth 15 vjet n\u00eb dy periudha dhe konsiderohet gjer\u00ebsisht si nj\u00eb nga figurat m\u00eb t\u00eb r\u00ebnd\u00ebsishme n\u00eb historin\u00eb e politik\u00ebs s\u00eb Azis\u00eb Jugore. Gandhi ishte e para dhe deri m\u00eb sot, e vetmja kryeministre fem\u00ebr e Indis\u00eb dhe ishte e njohur [&hellip;]<\/p>\n","protected":false},"author":1,"featured_media":4846,"comment_status":"open","ping_status":"open","sticky":false,"template":"","format":"standard","meta":{"footnotes":""},"categories":[19],"tags":[],"class_list":["post-4845","post","type-post","status-publish","format-standard","has-post-thumbnail","hentry","category-eko"],"_links":{"self":[{"href":"https:\/\/radiogjilani.com\/index.php\/wp-json\/wp\/v2\/posts\/4845","targetHints":{"allow":["GET"]}}],"collection":[{"href":"https:\/\/radiogjilani.com\/index.php\/wp-json\/wp\/v2\/posts"}],"about":[{"href":"https:\/\/radiogjilani.com\/index.php\/wp-json\/wp\/v2\/types\/post"}],"author":[{"embeddable":true,"href":"https:\/\/radiogjilani.com\/index.php\/wp-json\/wp\/v2\/users\/1"}],"replies":[{"embeddable":true,"href":"https:\/\/radiogjilani.com\/index.php\/wp-json\/wp\/v2\/comments?post=4845"}],"version-history":[{"count":0,"href":"https:\/\/radiogjilani.com\/index.php\/wp-json\/wp\/v2\/posts\/4845\/revisions"}],"wp:featuredmedia":[{"embeddable":true,"href":"https:\/\/radiogjilani.com\/index.php\/wp-json\/wp\/v2\/media\/4846"}],"wp:attachment":[{"href":"https:\/\/radiogjilani.com\/index.php\/wp-json\/wp\/v2\/media?parent=4845"}],"wp:term":[{"taxonomy":"category","embeddable":true,"href":"https:\/\/radiogjilani.com\/index.php\/wp-json\/wp\/v2\/categories?post=4845"},{"taxonomy":"post_tag","embeddable":true,"href":"https:\/\/radiogjilani.com\/index.php\/wp-json\/wp\/v2\/tags?post=4845"}],"curies":[{"name":"wp","href":"https:\/\/api.w.org\/{rel}","templated":true}]}}