{"id":4849,"date":"2024-06-14T14:21:55","date_gmt":"2024-06-14T14:21:55","guid":{"rendered":"https:\/\/radiogjilani.com\/index.php\/2024\/06\/14\/bislimi-pret-perfaqesuesit-e-keshillit-koordinues-te-asociacioneve-familjare-te-te-zhdukurve-te-kosoves\/"},"modified":"2024-06-14T14:21:55","modified_gmt":"2024-06-14T14:21:55","slug":"bislimi-pret-perfaqesuesit-e-keshillit-koordinues-te-asociacioneve-familjare-te-te-zhdukurve-te-kosoves","status":"publish","type":"post","link":"https:\/\/radiogjilani.com\/index.php\/2024\/06\/14\/bislimi-pret-perfaqesuesit-e-keshillit-koordinues-te-asociacioneve-familjare-te-te-zhdukurve-te-kosoves\/","title":{"rendered":"Bislimi pret p\u00ebrfaq\u00ebsuesit e K\u00ebshillit Koordinues t\u00eb Asociacioneve Familjare t\u00eb t\u00eb Zhdukurve t\u00eb Kosov\u00ebs"},"content":{"rendered":"<p>Z\u00ebvend\u00ebskryeministri i par\u00eb p\u00ebr Integrim Evropian, Zhvillim dhe Dialog i Republik\u00ebs s\u00eb Kosov\u00ebs, Besnik Bislimi, priti sot n\u00eb takim p\u00ebrfaq\u00ebsues t\u00eb K\u00ebshillit Koordinues t\u00eb Asociacioneve Familjare t\u00eb t\u00eb Zhdukurve t\u00eb Kosov\u00ebs, raporton Ekonomia Online. N\u00eb takim, u p\u00ebrsh\u00ebndet miratimi i rezolut\u00ebs n\u00eb muajin maj n\u00eb Asamblen\u00eb e P\u00ebrgjithshme t\u00eb Kombeve t\u00eb Bashkuara p\u00ebr njohjen e gjenocidit serb n\u00eb&#8230;<\/p>\n<p><a href=\"https:\/\/ekonomiaonline.com\/bislimi-pret-perfaqesuesit-e-keshillit-koordinues-te-asociacioneve-familjare-te-te-zhdukurve-te-kosoves\/\" rel=\"nofollow\">Source<\/a><\/p>\n","protected":false},"excerpt":{"rendered":"<p>Z\u00ebvend\u00ebskryeministri i par\u00eb p\u00ebr Integrim Evropian, Zhvillim dhe Dialog i Republik\u00ebs s\u00eb Kosov\u00ebs, Besnik Bislimi, priti sot n\u00eb takim p\u00ebrfaq\u00ebsues t\u00eb K\u00ebshillit Koordinues t\u00eb Asociacioneve Familjare t\u00eb t\u00eb Zhdukurve t\u00eb Kosov\u00ebs, raporton Ekonomia Online. N\u00eb takim, u p\u00ebrsh\u00ebndet miratimi i rezolut\u00ebs n\u00eb muajin maj n\u00eb Asamblen\u00eb e P\u00ebrgjithshme t\u00eb Kombeve t\u00eb Bashkuara p\u00ebr njohjen e [&hellip;]<\/p>\n","protected":false},"author":1,"featured_media":4850,"comment_status":"open","ping_status":"open","sticky":false,"template":"","format":"standard","meta":{"footnotes":""},"categories":[19],"tags":[],"class_list":["post-4849","post","type-post","status-publish","format-standard","has-post-thumbnail","hentry","category-eko"],"_links":{"self":[{"href":"https:\/\/radiogjilani.com\/index.php\/wp-json\/wp\/v2\/posts\/4849","targetHints":{"allow":["GET"]}}],"collection":[{"href":"https:\/\/radiogjilani.com\/index.php\/wp-json\/wp\/v2\/posts"}],"about":[{"href":"https:\/\/radiogjilani.com\/index.php\/wp-json\/wp\/v2\/types\/post"}],"author":[{"embeddable":true,"href":"https:\/\/radiogjilani.com\/index.php\/wp-json\/wp\/v2\/users\/1"}],"replies":[{"embeddable":true,"href":"https:\/\/radiogjilani.com\/index.php\/wp-json\/wp\/v2\/comments?post=4849"}],"version-history":[{"count":0,"href":"https:\/\/radiogjilani.com\/index.php\/wp-json\/wp\/v2\/posts\/4849\/revisions"}],"wp:featuredmedia":[{"embeddable":true,"href":"https:\/\/radiogjilani.com\/index.php\/wp-json\/wp\/v2\/media\/4850"}],"wp:attachment":[{"href":"https:\/\/radiogjilani.com\/index.php\/wp-json\/wp\/v2\/media?parent=4849"}],"wp:term":[{"taxonomy":"category","embeddable":true,"href":"https:\/\/radiogjilani.com\/index.php\/wp-json\/wp\/v2\/categories?post=4849"},{"taxonomy":"post_tag","embeddable":true,"href":"https:\/\/radiogjilani.com\/index.php\/wp-json\/wp\/v2\/tags?post=4849"}],"curies":[{"name":"wp","href":"https:\/\/api.w.org\/{rel}","templated":true}]}}