{"id":486,"date":"2024-04-02T14:30:58","date_gmt":"2024-04-02T14:30:58","guid":{"rendered":"https:\/\/radiogjilani.com\/index.php\/2024\/04\/02\/largimi-i-lajcakut-shans-i-ri-per-kosoven-cfare-do-te-sjelle-rotacioni-ne-be\/"},"modified":"2024-04-02T14:30:58","modified_gmt":"2024-04-02T14:30:58","slug":"largimi-i-lajcakut-shans-i-ri-per-kosoven-cfare-do-te-sjelle-rotacioni-ne-be","status":"publish","type":"post","link":"https:\/\/radiogjilani.com\/index.php\/2024\/04\/02\/largimi-i-lajcakut-shans-i-ri-per-kosoven-cfare-do-te-sjelle-rotacioni-ne-be\/","title":{"rendered":"Largimi i Laj\u00e7akut \u2013 \u201cshans i ri\u201d p\u00ebr Kosov\u00ebn: \u00c7far\u00eb do t\u00eb sjell\u00eb rotacioni n\u00eb BE?"},"content":{"rendered":"<p>N\u00eb koh\u00ebn kur viti zgjedhor i gjen shumic\u00ebn e p\u00ebrfaq\u00ebsuesve t\u00eb lart\u00eb n\u00eb k\u00ebrkim t\u00eb mund\u00ebsive t\u00eb reja brenda apo jasht\u00eb Bashkimit Evropian (BE), largimi i nj\u00ebrit prej protagonist\u00ebve kryesor\u00eb q\u00eb aktualisht mban barr\u00ebn m\u00eb t\u00eb r\u00ebnd\u00eb n\u00eb kuad\u00ebr t\u00eb procesit t\u00eb dialogut Kosov\u00eb-Serbi, paraqet nj\u00eb shans t\u00eb ri p\u00ebr vendet an\u00ebtare t\u00eb bllokut q\u00eb ta rimendojn\u00eb qasjen ndaj Kosov\u00ebs.<\/p>\n<p>Emisari Special i BE-s\u00eb p\u00ebr dialogun midis Prishtin\u00ebs dhe Beogradit, Mirosllav Laj\u00e7ak, pritet t\u00eb marr\u00eb \u201cpost t\u00eb ri\u201d n\u00eb shtator t\u00eb k\u00ebtij viti, nd\u00ebrsa blloku p\u00ebrgatit poste t\u00eb reja diplomatike n\u00eb prag t\u00eb zgjedhjeve evropiane \u2013 cikli i ri elektoral p\u00ebr ul\u00ebset e Parlamentit Evropian (PE) n\u00eb qershor nga i cili varet p\u00ebrb\u00ebrja e Komisionit Evropian (KE) pritet t\u00eb ndikoj\u00eb edhe n\u00eb rajon.<\/p>\n<p>N\u00eb k\u00ebt\u00eb drejtim,\u00a0<span class=\"Y2IQFc\" lang=\"sq\">specialisti n\u00eb fush\u00ebn e<\/span><span class=\"Y2IQFc\" lang=\"sq\"> paqes dhe konfliktit, demokracis\u00eb dhe politik\u00ebs s\u00eb jashtme t\u00eb BE-s\u00eb nga K\u00ebshilli p\u00ebr Politikat e Demokratizimit (DPC) n\u00eb Bruksel, Toby Vogel, konsideron se largimi i Laj\u00e7akut paraqet nj\u00eb mund\u00ebsi p\u00ebr vendet an\u00ebtare t\u00eb BE-s\u00eb q\u00eb t\u00eb rimendojn\u00eb korniz\u00ebn aktuale t\u00eb dialogut dhe t\u00eb rishqyrtojn\u00eb pse Laj\u00e7aku s\u2019i p\u00ebrmbushi pritshm\u00ebrit\u00eb.<\/span><\/p>\n<p>\u201cDialogu ka qen\u00eb n\u00eb prag t\u00eb vdekjes p\u00ebr tash e sa koh\u00eb dhe n\u00eb fund t\u00eb fundit \u00ebsht\u00eb e par\u00ebnd\u00ebsishme n\u00ebse Laj\u00e7aku do t\u00eb jet\u00eb v\u00ebrdall\u00eb apo jo. Ajo q\u00eb \u00ebsht\u00eb e r\u00ebnd\u00ebsishme \u00ebsht\u00eb se kushtet p\u00ebr nj\u00eb marr\u00ebveshje p\u00ebrfundimtare thjesht nuk jan\u00eb n\u00eb vend\u201d, u shpreh Vogel, nd\u00ebrsa propozon nj\u00eb rishikim t\u00eb rrept\u00eb t\u00eb politikave t\u00eb BE-s\u00eb ndaj Kosov\u00ebs, p\u00ebrfshir\u00eb procesin e integrimeve.<\/p>\n<p>Kryeministri i Kosov\u00ebs, Albin Kurti, dor\u00ebzoi dokumentacionin zyrtar p\u00ebr an\u00ebtar\u00ebsim n\u00eb BE n\u00eb dhjetor t\u00eb vitit 2022, por blloku 27-shtetesh ende s\u2019ka vendosur se si do t\u00eb procedohet tutje. Dhe arsyet p\u00ebr k\u00ebt\u00eb jan\u00eb t\u00eb shumta, por tensionet e vazhdueshme midis Prishtin\u00ebs dhe Beogradit dhe mungesa e progresit n\u00eb dialogun p\u00ebr normalizimin e marr\u00ebdh\u00ebnieve jan\u00eb kryesoret.<\/p>\n<p>E p\u00ebr m\u00eb tep\u00ebr, normalizimi i marr\u00ebdh\u00ebnieve n\u00ebp\u00ebrmjet nj\u00eb marr\u00ebveshjeje ligj\u00ebrisht t\u00eb detyrueshme \u00ebsht\u00eb kushti kryesor i pes\u00eb vendeve mosnjoh\u00ebse t\u00eb BE-s\u00eb \u2013 Spanja, Greqia, Sllovakia, Rumania dhe Qipro \u2013 q\u00eb t\u00eb l\u00ebvizin drejt njohjes s\u00eb pavar\u00ebsis\u00eb dhe sovranitetit t\u00eb Kosov\u00ebs n\u00eb m\u00ebnyr\u00eb q\u00eb vendi i vog\u00ebl ballkanik t\u00eb an\u00ebtar\u00ebsohet n\u00eb klubin ekskluziv t\u00eb shteteve t\u00eb evropiane.<\/p>\n<p>Vogel, duke qen\u00eb se \u201cmarr\u00ebveshja historike\u201d s\u2019e arriti q\u00ebllimin, madje p\u00ebrkeq\u00ebsoi tensionet, deklaron se BE-ja duhet t\u00eb gjej\u00eb nj\u00eb zgjidhje kreative<span class=\"Y2IQFc\" lang=\"sq\"> se si Kosova mund t\u00eb p\u00ebrparoj\u00eb n\u00eb rrug\u00ebn evropiane. Ai kujton se Kosova mbetet vendi i fundit n\u00eb Ballkanin Per\u00ebndimor q\u00eb nuk \u00ebsht\u00eb as vend kandidat, nd\u00ebrsa BE-ja \u00e7eli negociatat e an\u00ebtar\u00ebsimit p\u00ebr Bosnje dhe Hercegovin\u00ebn.\u00a0<\/span><\/p>\n<p>\u201cAn\u00ebtaret e BE-s\u00eb duhet t\u00eb udh\u00ebzojn\u00eb KE-n<span class=\"Y2IQFc\" lang=\"sq\">\u00eb <\/span>q\u00eb t\u00eb zhvilloj\u00eb modalitete q\u00eb do t\u2019i mund\u00ebsojn\u00eb Kosov\u00ebs t\u00eb vazhdoj\u00eb n\u00eb k\u00ebt\u00eb rrug\u00eb, por pas p\u00ebrmbushjes kushteve, pavar\u00ebsisht mosnjohjes nga Spanja, Greqia, Sllovakia, Rumania dhe Qipro\u201d, thekson Vogel, nd<span class=\"Y2IQFc\" lang=\"sq\">\u00ebrsa ngrit pyetjen se si do t\u00eb p\u00ebrgjigjet BE-ja kur Serbia t\u00eb votoj\u00eb kund\u00ebr an\u00ebtar\u00ebsimit t\u00eb Kosov\u00ebs n\u00eb K\u00ebshillin e Evrop\u00ebs (KiE).<\/span><\/p>\n<p>Serbia n\u00eb fakt shkeli marr\u00ebveshjen e Ohrit kur votoi kund\u00ebr raportit t\u00eb raportueses p\u00ebr Kosov\u00ebn n\u00eb Komitetin p\u00ebr Politik\u00eb dhe Demokraci t\u00eb K\u00ebshillit t\u00eb Evrop\u00ebs, Dora Bakoyannis, ku rekomandohet q\u00eb Kosova t\u00eb an\u00ebtar\u00ebsohet n\u00eb k\u00ebt\u00eb organizat\u00eb sepse neni 4 p\u00ebrcakton q\u00eb shteti serb nuk do ta pengoj\u00eb an\u00ebtar\u00ebsimin e Kosov\u00ebs n\u00eb asnj\u00eb organizat\u00eb nd\u00ebrkomb\u00ebtare.<\/p>\n<p>\u201cKjo do t\u00eb qart\u00ebsohet kur Serbia t\u00eb votoj\u00eb kund\u00ebr an\u00ebtar\u00ebsimit t\u00eb Kosov\u00ebs n\u00eb KiE muajin e ardhsh\u00ebm, q\u00eb \u00ebsht\u00eb nj\u00eb shkelje e drejtp\u00ebrdrejt\u00eb e marr\u00ebveshjes s\u00eb Ohrit, por ka t\u00eb ngjar\u00eb t\u00eb mbetet pa p\u00ebrgjigje nga BE-ja\u201d, v\u00ebren Vogel, nd\u00ebrsa shpreh droj\u00ebn se BE-ja do t\u00eb vazhdoj\u00eb qasjen e nj\u00ebjt\u00eb pavar\u00ebsisht akteve destruktive t\u00eb presidentit serb, Aleksand\u00ebr Vu\u00e7i\u00e7, n\u00eb t\u00eb kaluar\u00ebn.<\/p>\n<p>Edhe profesori i Diplomacis\u00eb n\u00eb Shkoll\u00ebn e Menaxhimit (IESEG) n\u00eb Paris, Valon Murtezaj, vler\u00ebson se zgjedhjet n\u00eb BE do t\u00eb konsumojn\u00eb koh\u00ebn dhe v\u00ebmendjen e njer\u00ebzve kryesor\u00eb t\u00eb politikes s\u00eb\u00a0 kontinentit evropian, derisa shpreh dilem\u00ebn se si do t\u00eb duket skena politike evropiane pas ciklit zgjedhjor, posa\u00e7\u00ebrisht n\u00eb drit\u00ebn e \u201cf\u00ebrsh\u00ebllim\u00ebs\u201d s\u00eb zgjerimit t\u00eb ardhsh\u00ebm t\u00eb BE-s\u00eb.<\/p>\n<p>\u201cZgjedhjet n\u00eb BE k\u00ebrkojn\u00eb dhe sjellin shum\u00eb ndryshime n\u00eb poste diplomatike e udh\u00ebheq\u00ebse n\u00eb Evrop\u00eb. Si rezultat \u00ebsht\u00eb e pritshme dhe normale q\u00eb ndryshimet t\u00eb ken\u00eb ndikim edhe n\u00eb procesin e dialogut nd\u00ebrmjet Kosov\u00ebs dhe Serbis\u00eb. N\u00eb procese negociatore nd\u00ebrmjet\u00ebsimi, \u00e7doher\u00eb ka shum\u00eb r\u00ebnd\u00ebsi se kush udh\u00ebheq\u00eb dhe ndihmon nj\u00eb proces t\u00eb till\u00eb\u201d.<\/p>\n<p>Laj\u00e7aku n\u00eb janar i k\u00ebrkoi Kosov\u00ebs dhe Serbis\u00eb q\u00eb t\u00eb \u00e7ojn\u00eb p\u00ebrpara procesin e normalizimit t\u00eb marr\u00ebdh\u00ebnieve para zgjedhjeve evropiane n\u00eb qershor t\u00eb k\u00ebtij viti, duke p\u00ebrmendur gjithashtu q\u00eb edhe Shtetet e Bashkuara t\u00eb Amerik\u00ebs (SHBA) do t\u00eb shkojn\u00eb n\u00eb zgjedhje n\u00eb n\u00ebntor: \u201cKjo do t\u00eb thot\u00eb se v\u00ebmendja, natyrisht, n\u00eb fund t\u00eb k\u00ebtij viti, do t\u00eb p\u00ebrqendrohet n\u00eb k\u00ebto procese\u201d.<\/p>\n<p>Por profesori kosovar faj\u00ebson diplomatin sllovak q\u00eb prej marrjes s\u00eb detyr\u00ebs n\u00eb vitin 2020 nuk arriti q\u00eb\u00a0ta trajtoj\u00eb n\u00eb m\u00ebnyr\u00eb adekuate historikun e procesit t\u00eb dialogut q\u00eb nd\u00ebrmjet\u00ebsohet nga BE-ja nga viti 2011. Megjith\u00ebse, shton ai, vitin e kaluar u arrit\u00ebn disa rezultate pozitive, dialogu n\u00eb mandatin e Laj\u00e7akut nuk arriti suksesin e nevojsh\u00ebm, kryesisht p\u00ebr shkak t\u00eb Serbis\u00eb.<\/p>\n<p>\u201cSerbia ka qen\u00eb aktori dhe faktori destruktiv n\u00eb Ballkanin Per\u00ebndimor p\u00ebr nj\u00eb koh\u00eb t\u00eb gjat\u00eb dhe kjo duhet t\u00eb jet\u00eb pik\u00ebnisja. N\u00ebse kjo nuk adresohet ashtu si\u00e7 duhet, at\u00ebher\u00eb kjo pastaj shkakton v\u00ebshtir\u00ebsi n\u00eb arritjen dhe zbatimin e marr\u00ebveshjeve, pra n\u00eb suksesin e p\u00ebrgjithsh\u00ebm t\u00eb dialogut\u201d, potencon ai.<\/p>\n<p>Sidoqoft\u00eb, ende nuk dihet se kush do ta z\u00ebvend\u00ebsoj\u00eb Laj\u00e7akun n\u00eb postin e t\u00eb d\u00ebrguarit t\u00eb posa\u00e7\u00ebm t\u00eb bllokut evropian p\u00ebr dialogun p\u00ebr normalizimin e marr\u00ebdh\u00ebnieve mes Kosov\u00ebs dhe Serbis\u00eb, duke qen\u00eb se mandati i diplomatit sllovak p\u00ebrfundon n\u00eb fund t\u00eb gushtit. Por ambasadori aktual i Estonis\u00eb n\u00eb BE, Aivo Orav, pritet q\u00eb t\u00eb jet\u00eb shefi i ri i Zyr\u00ebs s\u00eb BE-s\u00eb n\u00eb Kosov\u00eb.<\/p>\n<p>\u201cOrav \u00ebsht\u00eb nj\u00eb diplomat i respektuar dhe me p\u00ebrvoj\u00eb \u2013 aktualisht p\u00ebrfaq\u00ebsuesi i p\u00ebrhersh\u00ebm i Estonis\u00eb n\u00eb BE \u2013 i cili pritet t\u00eb veproj\u00eb n\u00eb m\u00ebnyr\u00eb t\u00eb pavarur nga dialogu sesa ambasadori aktual. N\u00eb p\u00ebrgjith\u00ebsi, largimi i Laj\u00e7akut dhe em\u00ebrimi i Oravit ofrojn\u00eb nj\u00eb shans p\u00ebr nj\u00eb rivendosje t\u00eb qasjes s\u00eb BE-s\u00eb ndaj Kosov\u00ebs, p\u00ebrfshir\u00eb procesin e dialogut\u201d, p\u00ebrfundon Vogel.<\/p>\n<p>P\u00ebrkund\u00ebr se \u00ebsht\u00eb ende her\u00ebt p\u00ebr t\u00eb pasur vler\u00ebsime t\u00eb qarta, duke qen\u00eb se p\u00ebrb\u00ebrja e institucioneve do t\u00eb dihet n\u00eb vjesht\u00ebn e von\u00eb, rikonfigurimi i raportit t\u00eb forcave do t\u00eb ndryshoj\u00eb dinamik\u00ebn kontinentale e cila jo-domosdosh\u00ebmrisht shkon n\u00eb favor t\u00eb kosovar\u00ebve. Kosova shpejt do ta gjej\u00eb veten n\u00eb rolin e spektatores s\u00eb zhvillimeve politike brenda BE-s\u00eb.<\/p>\n<p>The post <a rel=\"nofollow\" href=\"https:\/\/albanianpost.com\/largimi-i-lajcakut-shans-i-ri-per-kosoven-cfare-do-te-sjelle-rotacioni-ne-be\/\">Largimi i Laj\u00e7akut \u2013 \u201cshans i ri\u201d p\u00ebr Kosov\u00ebn: \u00c7far\u00eb do t\u00eb sjell\u00eb rotacioni n\u00eb BE?<\/a> appeared first on <a rel=\"nofollow\" href=\"https:\/\/albanianpost.com\/\">Albanian Post<\/a>.<\/p>\n","protected":false},"excerpt":{"rendered":"<p>N\u00eb koh\u00ebn kur viti zgjedhor i gjen shumic\u00ebn e p\u00ebrfaq\u00ebsuesve t\u00eb lart\u00eb n\u00eb k\u00ebrkim t\u00eb mund\u00ebsive t\u00eb reja brenda apo jasht\u00eb Bashkimit Evropian (BE), largimi i nj\u00ebrit prej protagonist\u00ebve kryesor\u00eb q\u00eb aktualisht mban barr\u00ebn m\u00eb t\u00eb r\u00ebnd\u00eb n\u00eb kuad\u00ebr t\u00eb procesit t\u00eb dialogut Kosov\u00eb-Serbi, paraqet nj\u00eb shans t\u00eb ri p\u00ebr vendet an\u00ebtare t\u00eb bllokut q\u00eb [&hellip;]<\/p>\n","protected":false},"author":1,"featured_media":487,"comment_status":"open","ping_status":"open","sticky":false,"template":"","format":"standard","meta":{"footnotes":""},"categories":[1],"tags":[],"class_list":["post-486","post","type-post","status-publish","format-standard","has-post-thumbnail","hentry","category-uncategorized"],"_links":{"self":[{"href":"https:\/\/radiogjilani.com\/index.php\/wp-json\/wp\/v2\/posts\/486","targetHints":{"allow":["GET"]}}],"collection":[{"href":"https:\/\/radiogjilani.com\/index.php\/wp-json\/wp\/v2\/posts"}],"about":[{"href":"https:\/\/radiogjilani.com\/index.php\/wp-json\/wp\/v2\/types\/post"}],"author":[{"embeddable":true,"href":"https:\/\/radiogjilani.com\/index.php\/wp-json\/wp\/v2\/users\/1"}],"replies":[{"embeddable":true,"href":"https:\/\/radiogjilani.com\/index.php\/wp-json\/wp\/v2\/comments?post=486"}],"version-history":[{"count":0,"href":"https:\/\/radiogjilani.com\/index.php\/wp-json\/wp\/v2\/posts\/486\/revisions"}],"wp:featuredmedia":[{"embeddable":true,"href":"https:\/\/radiogjilani.com\/index.php\/wp-json\/wp\/v2\/media\/487"}],"wp:attachment":[{"href":"https:\/\/radiogjilani.com\/index.php\/wp-json\/wp\/v2\/media?parent=486"}],"wp:term":[{"taxonomy":"category","embeddable":true,"href":"https:\/\/radiogjilani.com\/index.php\/wp-json\/wp\/v2\/categories?post=486"},{"taxonomy":"post_tag","embeddable":true,"href":"https:\/\/radiogjilani.com\/index.php\/wp-json\/wp\/v2\/tags?post=486"}],"curies":[{"name":"wp","href":"https:\/\/api.w.org\/{rel}","templated":true}]}}