{"id":4869,"date":"2024-06-14T14:22:43","date_gmt":"2024-06-14T14:22:43","guid":{"rendered":"https:\/\/radiogjilani.com\/index.php\/2024\/06\/14\/si-mund-te-rreshtohet-gjermania-kunder-skocise\/"},"modified":"2024-06-14T14:22:43","modified_gmt":"2024-06-14T14:22:43","slug":"si-mund-te-rreshtohet-gjermania-kunder-skocise","status":"publish","type":"post","link":"https:\/\/radiogjilani.com\/index.php\/2024\/06\/14\/si-mund-te-rreshtohet-gjermania-kunder-skocise\/","title":{"rendered":"Si mund t\u00eb rreshtohet Gjermania kund\u00ebr Skocis\u00eb"},"content":{"rendered":"<p>Trajneri i Gjermanis\u00eb, Julian Nagelsmann \u00ebsht\u00eb \u201cgoditur\u201d nga nj\u00eb d\u00ebmtim i von\u00eb i nj\u00eb lojtari p\u00ebrpara ndeshjes hap\u00ebse t\u00eb Grupit A t\u00eb Euro 2024 t\u00eb premten kund\u00ebr Skocis\u00eb n\u00eb \u201cAllianz Arena\u201d.<\/p>\n<p>Nj\u00ebzet e pes\u00eb nga p\u00ebrzgjedhja fillestare e \u201cDie Mannschaft\u201d prej 26 lojtar\u00ebsh jan\u00eb st\u00ebrvitur normalisht p\u00ebrpara gar\u00ebs, megjith\u00ebse mesfushori 20-vje\u00e7ar i Bayern Munich, Aleksandar Pavlovic ka pasur probleme dhe do t\u00eb mungoj\u00eb n\u00eb turne.<\/p>\n<p>Emre Can i Borussia Dortmund-it \u00ebsht\u00eb thirrur p\u00ebr t\u00eb z\u00ebvend\u00ebsuar kolegun e tij, edhe pse nj\u00eb vend n\u00eb stol e pret at\u00eb, pasi Nagelsmann duket se \u00ebsht\u00eb vendosur n\u00eb formacionin e tij t\u00eb preferuar 4-2-3-1.<\/p>\n<p>Ende duke mbajtur larg Marc-Andre ter Stegen, Manuel Neuer vepron si linja e fundit e mbrojtjes s\u00eb Gjermanis\u00eb p\u00ebr ndeshjen e tij t\u00eb 120-t\u00eb, i ruajtur nga muri mbrojt\u00ebs me dy lojtar\u00eb q\u00ebndror\u00eb si Antonio Rudiger dhe Jonathan Tah.<\/p>\n<div class=\"iframe-container\"><\/div>\n<p>Joshua Kimmich tani \u00ebsht\u00eb rikthyer n\u00eb rolin e tij t\u00eb mbrojt\u00ebsit t\u00eb djatht\u00eb pas nj\u00eb periudhe t\u00eb suksesshme n\u00eb mesfush\u00eb, nd\u00ebrsa Maximilian Mittelstadt i Stuttgart-it pritet t\u00eb parakaloj\u00eb David Raum-in p\u00ebr pozicionin e mbrojt\u00ebsit t\u00eb majt\u00eb.<\/p>\n<p>Me karrier\u00ebn e tij t\u00eb klubit tashm\u00eb t\u00eb p\u00ebrfunduar, Toni Kroos p\u00ebrgatitet p\u00ebr \u201cvall\u00ebzimin e fundit\u201d n\u00eb futboll dhe partneri i tij do t\u00eb jet\u00eb Robert Andrich, nd\u00ebrsa Ilkay Gundogan q\u00eb mban shiritin e kapitenit pritet t\u00eb jet\u00eb numri \u201c10\u201d.<\/p>\n<p>Jamal Musiala dhe Florian Wirtz pritet t\u00eb mbajn\u00eb larg formacionit baz\u00eb Leroy Sane-n, nd\u00ebrsa Kai Havertz i Arsenal-it duhet gjithashtu t\u00eb fitoj\u00eb n\u00eb sulm p\u00ebrpara Niclas Fullkrug.<\/p>\n<p><strong>Formacioni i mundsh\u00ebm fillestar i Gjermanis\u00eb: <\/strong>4-2-3-1: Neuer; Kimmich, Tah, Rudiger, Mittelstadt; Kroos, Andrich; Musiala, Gundogan, Wirtz; Havertz.<\/p>\n<blockquote class=\"wp-embedded-content\" data-secret=\"VzdK6Wtk86\">\n<p><a href=\"https:\/\/albanianpost.com\/gjermania-sfidon-skocine-ne-ndeshjen-hapese-te-euro-2024-es\/\">Gjermania sfidon Skocin\u00eb n\u00eb ndeshjen hap\u00ebse t\u00eb Euro 2024-\u00ebs<\/a><\/p>\n<\/blockquote>\n<p>The post <a rel=\"nofollow\" href=\"https:\/\/albanianpost.com\/si-mund-te-rreshtohet-gjermania-kunder-skocise\/\">Si mund t\u00eb rreshtohet Gjermania kund\u00ebr Skocis\u00eb<\/a> appeared first on <a rel=\"nofollow\" href=\"https:\/\/albanianpost.com\/\">Albanian Post<\/a>.<\/p>\n","protected":false},"excerpt":{"rendered":"<p>Trajneri i Gjermanis\u00eb, Julian Nagelsmann \u00ebsht\u00eb \u201cgoditur\u201d nga nj\u00eb d\u00ebmtim i von\u00eb i nj\u00eb lojtari p\u00ebrpara ndeshjes hap\u00ebse t\u00eb Grupit A t\u00eb Euro 2024 t\u00eb premten kund\u00ebr Skocis\u00eb n\u00eb \u201cAllianz Arena\u201d. Nj\u00ebzet e pes\u00eb nga p\u00ebrzgjedhja fillestare e \u201cDie Mannschaft\u201d prej 26 lojtar\u00ebsh jan\u00eb st\u00ebrvitur normalisht p\u00ebrpara gar\u00ebs, megjith\u00ebse mesfushori 20-vje\u00e7ar i Bayern Munich, Aleksandar [&hellip;]<\/p>\n","protected":false},"author":1,"featured_media":4870,"comment_status":"open","ping_status":"open","sticky":false,"template":"","format":"standard","meta":{"footnotes":""},"categories":[1],"tags":[],"class_list":["post-4869","post","type-post","status-publish","format-standard","has-post-thumbnail","hentry","category-uncategorized"],"_links":{"self":[{"href":"https:\/\/radiogjilani.com\/index.php\/wp-json\/wp\/v2\/posts\/4869","targetHints":{"allow":["GET"]}}],"collection":[{"href":"https:\/\/radiogjilani.com\/index.php\/wp-json\/wp\/v2\/posts"}],"about":[{"href":"https:\/\/radiogjilani.com\/index.php\/wp-json\/wp\/v2\/types\/post"}],"author":[{"embeddable":true,"href":"https:\/\/radiogjilani.com\/index.php\/wp-json\/wp\/v2\/users\/1"}],"replies":[{"embeddable":true,"href":"https:\/\/radiogjilani.com\/index.php\/wp-json\/wp\/v2\/comments?post=4869"}],"version-history":[{"count":0,"href":"https:\/\/radiogjilani.com\/index.php\/wp-json\/wp\/v2\/posts\/4869\/revisions"}],"wp:featuredmedia":[{"embeddable":true,"href":"https:\/\/radiogjilani.com\/index.php\/wp-json\/wp\/v2\/media\/4870"}],"wp:attachment":[{"href":"https:\/\/radiogjilani.com\/index.php\/wp-json\/wp\/v2\/media?parent=4869"}],"wp:term":[{"taxonomy":"category","embeddable":true,"href":"https:\/\/radiogjilani.com\/index.php\/wp-json\/wp\/v2\/categories?post=4869"},{"taxonomy":"post_tag","embeddable":true,"href":"https:\/\/radiogjilani.com\/index.php\/wp-json\/wp\/v2\/tags?post=4869"}],"curies":[{"name":"wp","href":"https:\/\/api.w.org\/{rel}","templated":true}]}}