{"id":4883,"date":"2024-06-15T15:32:29","date_gmt":"2024-06-15T15:32:29","guid":{"rendered":"https:\/\/radiogjilani.com\/index.php\/2024\/06\/15\/familjaret-kerkojne-drejtesi-per-gruan-qe-vdiq-derisa-ishte-duke-u-pergatitur-per-operim-thone-se-mjeket-nuk-reaguan-me-kohe\/"},"modified":"2024-06-15T15:32:29","modified_gmt":"2024-06-15T15:32:29","slug":"familjaret-kerkojne-drejtesi-per-gruan-qe-vdiq-derisa-ishte-duke-u-pergatitur-per-operim-thone-se-mjeket-nuk-reaguan-me-kohe","status":"publish","type":"post","link":"https:\/\/radiogjilani.com\/index.php\/2024\/06\/15\/familjaret-kerkojne-drejtesi-per-gruan-qe-vdiq-derisa-ishte-duke-u-pergatitur-per-operim-thone-se-mjeket-nuk-reaguan-me-kohe\/","title":{"rendered":"Familjar\u00ebt k\u00ebrkojn\u00eb drejt\u00ebsi p\u00ebr gruan q\u00eb vdiq derisa ishte duke u p\u00ebrgatitur p\u00ebr operim, thon\u00eb se mjek\u00ebt nuk reaguan me koh\u00eb"},"content":{"rendered":"<p>Familjar\u00ebt e Reshide Vejsa kan\u00eb faj\u00ebsuar mjek\u00ebt e nj\u00eb klinike private n\u00eb Prishtin\u00eb p\u00ebr vdekjen e n\u00ebn\u00ebs s\u00eb tyre. Ideal Vejsa, n\u00eb nj\u00eb emision p\u00ebr RTK-n\u00eb, ka treguar se n\u00ebn\u00ebn e tyre e kishin d\u00ebrguar p\u00ebr nj\u00eb operacion, por q\u00eb gjat\u00eb p\u00ebrgatitjes p\u00ebr intervenim, asaj i ishte p\u00ebrkeq\u00ebsuar gjendja dhe ka vdekur, transmeton Telegrafi. \u201cN\u00ebn\u00ebn e kemi d\u00ebrgu p\u00ebr intervenim n\u00eb gjuh\u00eb. N\u00eb 2019 e d\u00ebrguam n\u00ebn\u00ebn p\u00ebr&#8230;<\/p>\n<p><a href=\"https:\/\/ekonomiaonline.com\/familjaret-kerkojne-drejtesi-per-gruan-qe-vdiq-derisa-ishte-duke-u-pergatitur-per-operim-thone-se-mjeket-nuk-reaguan-me-kohe\/\" rel=\"nofollow\">Source<\/a><\/p>\n","protected":false},"excerpt":{"rendered":"<p>Familjar\u00ebt e Reshide Vejsa kan\u00eb faj\u00ebsuar mjek\u00ebt e nj\u00eb klinike private n\u00eb Prishtin\u00eb p\u00ebr vdekjen e n\u00ebn\u00ebs s\u00eb tyre. Ideal Vejsa, n\u00eb nj\u00eb emision p\u00ebr RTK-n\u00eb, ka treguar se n\u00ebn\u00ebn e tyre e kishin d\u00ebrguar p\u00ebr nj\u00eb operacion, por q\u00eb gjat\u00eb p\u00ebrgatitjes p\u00ebr intervenim, asaj i ishte p\u00ebrkeq\u00ebsuar gjendja dhe ka vdekur, transmeton Telegrafi. \u201cN\u00ebn\u00ebn [&hellip;]<\/p>\n","protected":false},"author":1,"featured_media":4884,"comment_status":"open","ping_status":"open","sticky":false,"template":"","format":"standard","meta":{"footnotes":""},"categories":[19],"tags":[],"class_list":["post-4883","post","type-post","status-publish","format-standard","has-post-thumbnail","hentry","category-eko"],"_links":{"self":[{"href":"https:\/\/radiogjilani.com\/index.php\/wp-json\/wp\/v2\/posts\/4883","targetHints":{"allow":["GET"]}}],"collection":[{"href":"https:\/\/radiogjilani.com\/index.php\/wp-json\/wp\/v2\/posts"}],"about":[{"href":"https:\/\/radiogjilani.com\/index.php\/wp-json\/wp\/v2\/types\/post"}],"author":[{"embeddable":true,"href":"https:\/\/radiogjilani.com\/index.php\/wp-json\/wp\/v2\/users\/1"}],"replies":[{"embeddable":true,"href":"https:\/\/radiogjilani.com\/index.php\/wp-json\/wp\/v2\/comments?post=4883"}],"version-history":[{"count":0,"href":"https:\/\/radiogjilani.com\/index.php\/wp-json\/wp\/v2\/posts\/4883\/revisions"}],"wp:featuredmedia":[{"embeddable":true,"href":"https:\/\/radiogjilani.com\/index.php\/wp-json\/wp\/v2\/media\/4884"}],"wp:attachment":[{"href":"https:\/\/radiogjilani.com\/index.php\/wp-json\/wp\/v2\/media?parent=4883"}],"wp:term":[{"taxonomy":"category","embeddable":true,"href":"https:\/\/radiogjilani.com\/index.php\/wp-json\/wp\/v2\/categories?post=4883"},{"taxonomy":"post_tag","embeddable":true,"href":"https:\/\/radiogjilani.com\/index.php\/wp-json\/wp\/v2\/tags?post=4883"}],"curies":[{"name":"wp","href":"https:\/\/api.w.org\/{rel}","templated":true}]}}