{"id":4891,"date":"2024-06-15T15:32:25","date_gmt":"2024-06-15T15:32:25","guid":{"rendered":"https:\/\/radiogjilani.com\/index.php\/2024\/06\/15\/varroset-me-nderime-ushtarake-nenoficeri-i-fsk-se-qe-vdiq-ne-vendin-e-punes\/"},"modified":"2024-06-15T15:32:25","modified_gmt":"2024-06-15T15:32:25","slug":"varroset-me-nderime-ushtarake-nenoficeri-i-fsk-se-qe-vdiq-ne-vendin-e-punes","status":"publish","type":"post","link":"https:\/\/radiogjilani.com\/index.php\/2024\/06\/15\/varroset-me-nderime-ushtarake-nenoficeri-i-fsk-se-qe-vdiq-ne-vendin-e-punes\/","title":{"rendered":"Varroset me nderime ushtarake n\u00ebnoficeri i FSK-s\u00eb q\u00eb vdiq n\u00eb vendin e pun\u00ebs"},"content":{"rendered":"<p>K\u00ebt\u00eb t\u00eb shtune \u00ebsht\u00eb varrosur me nderime ushtarake n\u00ebnoficeri Muhamet Beqiri, i cili vdiq n\u00eb vendin e tij t\u00eb pun\u00ebs. Ceremonia e homazheve pran\u00eb arkivolit t\u00eb rreshter Muhamet Beqirit \u00ebsht\u00eb mbajut n\u00eb Kazerm\u00ebn \u201cSk\u00ebnderbeu\u201d n\u00eb Ferizaj, ku p\u00ebr ta nderuar jet\u00ebn dhe vepr\u00ebn e tij t\u00eb pranish\u00ebm ishin familjar\u00eb, ushtarak\u00eb, p\u00ebrfaq\u00ebsues institucionet, shoqata t\u00eb dalura nga lufta e qytetar\u00eb t\u00eb shumt\u00eb.<\/p>\n<p><a href=\"https:\/\/ekonomiaonline.com\/varroset-me-nderime-ushtarake-nenoficeri-i-fsk-se-qe-vdiq-ne-vendin-e-punes\/\" rel=\"nofollow\">Source<\/a><\/p>\n","protected":false},"excerpt":{"rendered":"<p>K\u00ebt\u00eb t\u00eb shtune \u00ebsht\u00eb varrosur me nderime ushtarake n\u00ebnoficeri Muhamet Beqiri, i cili vdiq n\u00eb vendin e tij t\u00eb pun\u00ebs. Ceremonia e homazheve pran\u00eb arkivolit t\u00eb rreshter Muhamet Beqirit \u00ebsht\u00eb mbajut n\u00eb Kazerm\u00ebn \u201cSk\u00ebnderbeu\u201d n\u00eb Ferizaj, ku p\u00ebr ta nderuar jet\u00ebn dhe vepr\u00ebn e tij t\u00eb pranish\u00ebm ishin familjar\u00eb, ushtarak\u00eb, p\u00ebrfaq\u00ebsues institucionet, shoqata t\u00eb dalura [&hellip;]<\/p>\n","protected":false},"author":1,"featured_media":4892,"comment_status":"open","ping_status":"open","sticky":false,"template":"","format":"standard","meta":{"footnotes":""},"categories":[19],"tags":[],"class_list":["post-4891","post","type-post","status-publish","format-standard","has-post-thumbnail","hentry","category-eko"],"_links":{"self":[{"href":"https:\/\/radiogjilani.com\/index.php\/wp-json\/wp\/v2\/posts\/4891","targetHints":{"allow":["GET"]}}],"collection":[{"href":"https:\/\/radiogjilani.com\/index.php\/wp-json\/wp\/v2\/posts"}],"about":[{"href":"https:\/\/radiogjilani.com\/index.php\/wp-json\/wp\/v2\/types\/post"}],"author":[{"embeddable":true,"href":"https:\/\/radiogjilani.com\/index.php\/wp-json\/wp\/v2\/users\/1"}],"replies":[{"embeddable":true,"href":"https:\/\/radiogjilani.com\/index.php\/wp-json\/wp\/v2\/comments?post=4891"}],"version-history":[{"count":0,"href":"https:\/\/radiogjilani.com\/index.php\/wp-json\/wp\/v2\/posts\/4891\/revisions"}],"wp:featuredmedia":[{"embeddable":true,"href":"https:\/\/radiogjilani.com\/index.php\/wp-json\/wp\/v2\/media\/4892"}],"wp:attachment":[{"href":"https:\/\/radiogjilani.com\/index.php\/wp-json\/wp\/v2\/media?parent=4891"}],"wp:term":[{"taxonomy":"category","embeddable":true,"href":"https:\/\/radiogjilani.com\/index.php\/wp-json\/wp\/v2\/categories?post=4891"},{"taxonomy":"post_tag","embeddable":true,"href":"https:\/\/radiogjilani.com\/index.php\/wp-json\/wp\/v2\/tags?post=4891"}],"curies":[{"name":"wp","href":"https:\/\/api.w.org\/{rel}","templated":true}]}}