{"id":4913,"date":"2024-06-15T15:33:04","date_gmt":"2024-06-15T15:33:04","guid":{"rendered":"https:\/\/radiogjilani.com\/index.php\/2024\/06\/15\/tahiri-kurti-per-shkak-te-zgjedhjeve-spo-e-themelon-asociacionin\/"},"modified":"2024-06-15T15:33:04","modified_gmt":"2024-06-15T15:33:04","slug":"tahiri-kurti-per-shkak-te-zgjedhjeve-spo-e-themelon-asociacionin","status":"publish","type":"post","link":"https:\/\/radiogjilani.com\/index.php\/2024\/06\/15\/tahiri-kurti-per-shkak-te-zgjedhjeve-spo-e-themelon-asociacionin\/","title":{"rendered":"Tahiri: Kurti p\u00ebr shkak t\u00eb zgjedhjeve s\u2019po e themelon Asociacionin"},"content":{"rendered":"<p>Shefi i Grupit Parlamentar t\u00eb Aleanc\u00ebs p\u00ebr Ardhm\u00ebrin\u00eb e Kosov\u00ebs, Besnik Tahiri, ka vler\u00ebsuar se Kosova do ta ket\u00eb t\u00eb v\u00ebshtir\u00eb t\u00eb p\u00ebrfshihet n\u00eb agjend\u00ebn e Komitetit t\u00eb Ministrave t\u00eb K\u00ebshillit t\u00eb Evrop\u00ebs pa nj\u00eb konsensus t\u00eb vendeve an\u00ebtare.<\/p>\n<p>Tahiri nd\u00ebrsa ka njoftuar se delegacioni i Kuvendit t\u00eb Kosov\u00ebs jav\u00ebn e ardhshme do t\u00eb jet\u00eb n\u00eb Strasburg, ku do t\u00eb shikohen mund\u00ebsit\u00eb q\u00eb t\u00eb ftohet nj\u00eb takim i jasht\u00ebzakonsh\u00ebm i Komitetit t\u00eb Ministrave p\u00ebr an\u00ebtar\u00ebsimin e Kosov\u00ebs, ka theksuar se kushti p\u00ebr procedimin e draft-statutit t\u00eb Asociacionit n\u00eb Gjykat\u00ebn Kushtetuese, \u00ebsht\u00eb e padrejt\u00eb.<\/p>\n<p>\u201cKushti i Asociacionit nuk ishte kusht i drejt\u00eb p\u00ebr shkak se raporti i Dora Bakoyannis thoshte qart\u00eb se an\u00ebtar\u00ebsimi i Kosov\u00ebs n\u00eb K\u00ebshill t\u00eb Evrop\u00ebs nuk n\u00ebnkupton se Asociacioni t\u00eb jet\u00eb kusht, mir\u00ebpo do t\u00eb jet\u00eb pas an\u00ebtar\u00ebsimit\u201d, ka th\u00ebn\u00eb ai n\u00eb nj\u00eb intervist\u00eb p\u00ebr agjencin\u00eb e lajmeve, Kosova Press.<\/p>\n<p>Tahiri nd\u00ebr t\u00eb tjera ka potencuar se kryeministri i Kosov\u00ebs, Albin Kurti, e ka pranuar Asociacionin, por p\u00ebr shkak t\u00eb zgjedhjeve nuk po e themelon.<\/p>\n<div class=\"iframe-container\"><\/div>\n<p>\u201c\u00cbsht\u00eb munduar t\u00eb na d\u00ebrgojn\u00eb n\u00eb zgjedhje tash m\u00eb 7 korrik, p\u00ebr q\u00ebllime t\u00eb tij puro politike\u201d, ka shtuar ai.<\/p>\n<p>Kosova nuk ishte n\u00eb agjend\u00ebn e Komitetit t\u00eb Ministrave t\u00eb K\u00ebshillit t\u00eb Evrop\u00ebs, ku do t\u00eb votohej pro ose kund\u00ebr an\u00ebtar\u00ebsimit t\u00eb Kosov\u00ebs n\u00eb k\u00ebt\u00eb organiz\u00ebm nd\u00ebrkomb\u00ebtar.<\/p>\n<p>Arsyeja e mos-trajtimit t\u00eb \u00e7\u00ebshtjes s\u00eb Kosov\u00ebs n\u00eb Komitetin e Ministrave ishte kushti q\u00eb Franca, Gjermania e Italia artikuluan publikisht, e q\u00eb Kosova refuzoi ta plot\u00ebsoj\u00eb me arsyetimin se k\u00ebrkesa ishte absurde.<\/p>\n<p>Shtetet m\u00eb t\u00eb fuqishme brenda Bashkimit Evropian k\u00ebrkuan q\u00eb Kosova t\u00eb procedoj\u00eb tutje me Asociacionin \u2013 t\u00eb pakt\u00ebn ta d\u00ebrgoj\u00eb draft-statusin e k\u00ebtij mekanizmi n\u00eb Gjykat\u00eb Kushtetuese p\u00ebr shqyrtim.<\/p>\n<p>Nj\u00eb dit\u00eb para mbledhjes s\u00eb Komitetit t\u00eb Ministrave, ministrja e Pun\u00ebve t\u00eb Jashtme, Donika G\u00ebrvalla, njoftoi se ka d\u00ebrguar nj\u00eb let\u00ebr n\u00eb adres\u00eb s\u00eb K\u00ebshillit t\u00eb Evrop\u00ebs, ku zotohej se do t\u00eb p\u00ebrgatisin nj\u00eb draft-statut t\u00eb ri t\u00eb Asociacionit e ta d\u00ebrgojn\u00eb n\u00eb Gjykat\u00eb Kushtetuese deri n\u00eb fund t\u00eb muajit maj.<\/p>\n<p>The post <a rel=\"nofollow\" href=\"https:\/\/albanianpost.com\/tahiri-kurti-per-shkak-te-zgjedhjeve-spo-e-themelon-asociacionin\/\">Tahiri: Kurti p\u00ebr shkak t\u00eb zgjedhjeve s\u2019po e themelon Asociacionin<\/a> appeared first on <a rel=\"nofollow\" href=\"https:\/\/albanianpost.com\/\">Albanian Post<\/a>.<\/p>\n","protected":false},"excerpt":{"rendered":"<p>Shefi i Grupit Parlamentar t\u00eb Aleanc\u00ebs p\u00ebr Ardhm\u00ebrin\u00eb e Kosov\u00ebs, Besnik Tahiri, ka vler\u00ebsuar se Kosova do ta ket\u00eb t\u00eb v\u00ebshtir\u00eb t\u00eb p\u00ebrfshihet n\u00eb agjend\u00ebn e Komitetit t\u00eb Ministrave t\u00eb K\u00ebshillit t\u00eb Evrop\u00ebs pa nj\u00eb konsensus t\u00eb vendeve an\u00ebtare. Tahiri nd\u00ebrsa ka njoftuar se delegacioni i Kuvendit t\u00eb Kosov\u00ebs jav\u00ebn e ardhshme do t\u00eb jet\u00eb [&hellip;]<\/p>\n","protected":false},"author":1,"featured_media":4914,"comment_status":"open","ping_status":"open","sticky":false,"template":"","format":"standard","meta":{"footnotes":""},"categories":[1],"tags":[],"class_list":["post-4913","post","type-post","status-publish","format-standard","has-post-thumbnail","hentry","category-uncategorized"],"_links":{"self":[{"href":"https:\/\/radiogjilani.com\/index.php\/wp-json\/wp\/v2\/posts\/4913","targetHints":{"allow":["GET"]}}],"collection":[{"href":"https:\/\/radiogjilani.com\/index.php\/wp-json\/wp\/v2\/posts"}],"about":[{"href":"https:\/\/radiogjilani.com\/index.php\/wp-json\/wp\/v2\/types\/post"}],"author":[{"embeddable":true,"href":"https:\/\/radiogjilani.com\/index.php\/wp-json\/wp\/v2\/users\/1"}],"replies":[{"embeddable":true,"href":"https:\/\/radiogjilani.com\/index.php\/wp-json\/wp\/v2\/comments?post=4913"}],"version-history":[{"count":0,"href":"https:\/\/radiogjilani.com\/index.php\/wp-json\/wp\/v2\/posts\/4913\/revisions"}],"wp:featuredmedia":[{"embeddable":true,"href":"https:\/\/radiogjilani.com\/index.php\/wp-json\/wp\/v2\/media\/4914"}],"wp:attachment":[{"href":"https:\/\/radiogjilani.com\/index.php\/wp-json\/wp\/v2\/media?parent=4913"}],"wp:term":[{"taxonomy":"category","embeddable":true,"href":"https:\/\/radiogjilani.com\/index.php\/wp-json\/wp\/v2\/categories?post=4913"},{"taxonomy":"post_tag","embeddable":true,"href":"https:\/\/radiogjilani.com\/index.php\/wp-json\/wp\/v2\/tags?post=4913"}],"curies":[{"name":"wp","href":"https:\/\/api.w.org\/{rel}","templated":true}]}}