{"id":4927,"date":"2024-06-16T16:20:55","date_gmt":"2024-06-16T16:20:55","guid":{"rendered":"https:\/\/radiogjilani.com\/index.php\/2024\/06\/16\/osmani-e-takon-ne-zvicer-keshilltarin-kryesor-te-biden-thote-se-kane-folur-per-rritjen-e-bashkepunimit\/"},"modified":"2024-06-16T16:20:55","modified_gmt":"2024-06-16T16:20:55","slug":"osmani-e-takon-ne-zvicer-keshilltarin-kryesor-te-biden-thote-se-kane-folur-per-rritjen-e-bashkepunimit","status":"publish","type":"post","link":"https:\/\/radiogjilani.com\/index.php\/2024\/06\/16\/osmani-e-takon-ne-zvicer-keshilltarin-kryesor-te-biden-thote-se-kane-folur-per-rritjen-e-bashkepunimit\/","title":{"rendered":"Osmani e takon n\u00eb Zvic\u00ebr k\u00ebshilltarin kryesor t\u00eb Biden, thot\u00eb se kan\u00eb folur p\u00ebr rritjen e bashk\u00ebpunimit"},"content":{"rendered":"<p>Presidentja Vjosa Osmani ka zhvilluar nj\u00eb \u201ctakim t\u00eb r\u00ebnd\u00ebsish\u00ebm\u201d n\u00eb Zvic\u00ebr Jake Sullivan, K\u00ebshilltarin p\u00ebr Siguri Komb\u00ebtare t\u00eb Presidentit Joe Biden. Osmani ndau disa fotografi nga takimi, nd\u00ebrsa shkroi shkurtimisht p\u00ebr takimin q\u00eb e cil\u00ebsoi si t\u00eb r\u00ebnd\u00ebsish\u00ebm. \u201cNj\u00eb takim i r\u00ebnd\u00ebsish\u00ebm me K\u00ebshilltarin p\u00ebr Siguri Komb\u00ebtare t\u00eb Presidentit Biden, z. Jake Sullivan, dhe Ambasadorin Michael Carpenter&#8230;<\/p>\n<p><a href=\"https:\/\/ekonomiaonline.com\/osmani-e-takon-ne-zvicer-keshilltarin-kryesor-te-biden-thote-se-kane-folur-per-rritjen-e-bashkepunimit\/\" rel=\"nofollow\">Source<\/a><\/p>\n","protected":false},"excerpt":{"rendered":"<p>Presidentja Vjosa Osmani ka zhvilluar nj\u00eb \u201ctakim t\u00eb r\u00ebnd\u00ebsish\u00ebm\u201d n\u00eb Zvic\u00ebr Jake Sullivan, K\u00ebshilltarin p\u00ebr Siguri Komb\u00ebtare t\u00eb Presidentit Joe Biden. Osmani ndau disa fotografi nga takimi, nd\u00ebrsa shkroi shkurtimisht p\u00ebr takimin q\u00eb e cil\u00ebsoi si t\u00eb r\u00ebnd\u00ebsish\u00ebm. \u201cNj\u00eb takim i r\u00ebnd\u00ebsish\u00ebm me K\u00ebshilltarin p\u00ebr Siguri Komb\u00ebtare t\u00eb Presidentit Biden, z. Jake Sullivan, dhe Ambasadorin [&hellip;]<\/p>\n","protected":false},"author":1,"featured_media":4928,"comment_status":"open","ping_status":"open","sticky":false,"template":"","format":"standard","meta":{"footnotes":""},"categories":[19],"tags":[],"class_list":["post-4927","post","type-post","status-publish","format-standard","has-post-thumbnail","hentry","category-eko"],"_links":{"self":[{"href":"https:\/\/radiogjilani.com\/index.php\/wp-json\/wp\/v2\/posts\/4927","targetHints":{"allow":["GET"]}}],"collection":[{"href":"https:\/\/radiogjilani.com\/index.php\/wp-json\/wp\/v2\/posts"}],"about":[{"href":"https:\/\/radiogjilani.com\/index.php\/wp-json\/wp\/v2\/types\/post"}],"author":[{"embeddable":true,"href":"https:\/\/radiogjilani.com\/index.php\/wp-json\/wp\/v2\/users\/1"}],"replies":[{"embeddable":true,"href":"https:\/\/radiogjilani.com\/index.php\/wp-json\/wp\/v2\/comments?post=4927"}],"version-history":[{"count":0,"href":"https:\/\/radiogjilani.com\/index.php\/wp-json\/wp\/v2\/posts\/4927\/revisions"}],"wp:featuredmedia":[{"embeddable":true,"href":"https:\/\/radiogjilani.com\/index.php\/wp-json\/wp\/v2\/media\/4928"}],"wp:attachment":[{"href":"https:\/\/radiogjilani.com\/index.php\/wp-json\/wp\/v2\/media?parent=4927"}],"wp:term":[{"taxonomy":"category","embeddable":true,"href":"https:\/\/radiogjilani.com\/index.php\/wp-json\/wp\/v2\/categories?post=4927"},{"taxonomy":"post_tag","embeddable":true,"href":"https:\/\/radiogjilani.com\/index.php\/wp-json\/wp\/v2\/tags?post=4927"}],"curies":[{"name":"wp","href":"https:\/\/api.w.org\/{rel}","templated":true}]}}