{"id":4949,"date":"2024-06-16T16:21:49","date_gmt":"2024-06-16T16:21:49","guid":{"rendered":"https:\/\/radiogjilani.com\/index.php\/2024\/06\/16\/le-pen-thote-se-do-te-bashkepunoje-me-macron-nuk-dua-kaos-institucional\/"},"modified":"2024-06-16T16:21:49","modified_gmt":"2024-06-16T16:21:49","slug":"le-pen-thote-se-do-te-bashkepunoje-me-macron-nuk-dua-kaos-institucional","status":"publish","type":"post","link":"https:\/\/radiogjilani.com\/index.php\/2024\/06\/16\/le-pen-thote-se-do-te-bashkepunoje-me-macron-nuk-dua-kaos-institucional\/","title":{"rendered":"Le Pen thot\u00eb se do t\u00eb bashk\u00ebpunoj\u00eb me Macron, \u201cnuk dua kaos institucional\u201d"},"content":{"rendered":"<p>Udh\u00ebheq\u00ebsja e ekstremit t\u00eb djatht\u00eb Marine Le Pen tha se nuk do t\u00eb p\u00ebrpiqet t\u00eb largoj\u00eb presidentin Emmanuel Macron n\u00ebse fiton zgjedhjet e parakohshme parlamentare t\u00eb Franc\u00ebs.<\/p>\n<p>\u201cUn\u00eb kam respekt p\u00ebr institucionet dhe nuk po b\u00ebj thirrje p\u00ebr kaos institucional\u201d, tha Le Pen p\u00ebr gazet\u00ebn Le Figaro.<\/p>\n<p>\u201cDo t\u00eb ket\u00eb thjesht bashk\u00ebjetes\u00eb\u201d.<\/p>\n<p>Le Pen po afrohet me votuesit kryesor\u00eb, pasi ajo synon t\u00eb \u00e7imentoj\u00eb nj\u00eb shumic\u00eb n\u00eb parlamentin e ardhsh\u00ebm, nj\u00eb rezultat q\u00eb do t\u00eb p\u00ebrb\u00ebnte nj\u00eb t\u00ebrmet n\u00eb politik\u00ebn evropiane.<\/p>\n<div class=\"iframe-container\"><\/div>\n<p>Grupi i saj, Tubimi Komb\u00ebtar, \u00ebsht\u00eb tashm\u00eb n\u00eb rrug\u00ebn e duhur p\u00ebr t\u2019u b\u00ebr\u00eb partia m\u00eb e madhe n\u00eb dhom\u00ebn e ul\u00ebt, nj\u00eb perspektiv\u00eb q\u00eb ka shkaktuar alarm tek investitor\u00ebt, partner\u00ebt nd\u00ebrkomb\u00ebtar\u00eb t\u00eb Franc\u00ebs dhe nj\u00eb pjes\u00eb e publikut francez.<\/p>\n<p>Dhjet\u00ebra mij\u00ebra protestues dol\u00ebn n\u00eb rrug\u00eb n\u00eb t\u00eb gjith\u00eb Franc\u00ebn t\u00eb shtun\u00ebn p\u00ebr t\u00eb kund\u00ebrshtuar q\u00ebndrimin e Le Pen p\u00ebr t\u00eb drejtat e njeriut, mjedisin dhe ekonomin\u00eb.<\/p>\n<p>Tregjet financiare kan\u00eb r\u00ebn\u00eb gjithashtu q\u00eb kur Macron shp\u00ebrndau Asamblen\u00eb Komb\u00ebtare nj\u00eb jav\u00eb m\u00eb par\u00eb, me rreth 210 miliard\u00eb dollar\u00eb t\u00eb fshir\u00eb nga vlera e aksioneve franceze.<\/p>\n<p>\u201cKaosi \u00ebsht\u00eb ai\u201d, tha ajo p\u00ebr Le Figaro.<\/p>\n<p>\u201cKaos social, kaos p\u00ebr \u00e7\u00ebshtjet e siguris\u00eb, kaos me migracionin dhe tani, kaos institucional\u201d.<\/p>\n<p>Tubimi Komb\u00ebtar \u00ebsht\u00eb n\u00eb rrug\u00ebn e duhur p\u00ebr t\u00eb fituar 35% t\u00eb votave n\u00eb raundin e par\u00eb m\u00eb 30 qershor, sipas nj\u00eb sondazhi t\u00eb Ifop t\u00eb botuar t\u00eb diel\u00ebn n\u00eb Le Journal Du Dimanche.<\/p>\n<p>Fronti Popullor i krahut t\u00eb majt\u00eb do t\u00eb vinte i dyti me 26% nd\u00ebrsa Rilindja e Macron ishte e treta me 19%.<\/p>\n<p>K\u00ebto parashikime jan\u00eb gjer\u00ebsisht n\u00eb p\u00ebrputhje me nj\u00eb anket\u00eb t\u00eb m\u00ebparshme t\u00eb kryer t\u00eb h\u00ebn\u00ebn dhe t\u00eb mart\u00ebn.<\/p>\n<p>Le Pen tha se n\u00ebse ajo mund t\u00eb formoj\u00eb nj\u00eb shumic\u00eb \u2013 qoft\u00eb vet\u00ebm me ligjv\u00ebn\u00ebsit e Tubimit Komb\u00ebtar, ose me aleat\u00ebt \u2013 ajo do t\u00eb drejtoj\u00eb grupin parlamentar t\u00eb partis\u00eb s\u00eb saj dhe lideri 28-vje\u00e7ar i partis\u00eb Jordan Bardella do t\u00eb b\u00ebhet kryeminist\u00ebr.<\/p>\n<p>Zgjedhjet me dy raunde p\u00ebrfundojn\u00eb m\u00eb 7 korrik.<\/p>\n<p>P\u00ebrtej ndjenj\u00ebs s\u00eb p\u00ebrgjithshme t\u00eb alarmit rreth nj\u00eb politikaneje q\u00eb dikur mb\u00ebshteti Vladimir Putinin dhe b\u00ebri fushat\u00eb p\u00ebr largimin e Franc\u00ebs nga euro, shqet\u00ebsimet e investitor\u00ebve p\u00ebr Le Pen fokusohen n\u00eb tre fusha: Ukraina, Bashkimi Evropian dhe, mbi t\u00eb gjitha, buxheti.<\/p>\n<p>Struktura kushtetuese e Franc\u00ebs do t\u00eb thot\u00eb q\u00eb ndonj\u00ebher\u00eb presidenca dhe legjislatura mund t\u00eb kontrollohen nga parti t\u00eb ndryshme, megjith\u00ebse kjo ka ndodhur m\u00eb rrall\u00eb se n\u00eb SHBA.<\/p>\n<p>Hera e fundit ishte n\u00eb vitin 1997.<\/p>\n<p>N\u00eb at\u00eb situat\u00eb, presidenti \u00ebsht\u00eb p\u00ebrgjegj\u00ebs p\u00ebr politik\u00ebn e jashtme dhe mbrojtjen, por \u00ebsht\u00eb kryeministri ai q\u00eb kontrollon \u00e7\u00ebshtjet e brendshme si politika fiskale.<\/p>\n<p>Edhe n\u00ebn Macron, i cili e ka b\u00ebr\u00eb kufizimin e buxhetit pjes\u00eb t\u00eb fush\u00ebs s\u00eb tij p\u00ebr votuesit, Franca \u00ebsht\u00eb zmbrapsur nga nj\u00eb premtim i b\u00ebr\u00eb n\u00eb fillim t\u00eb k\u00ebtij viti p\u00ebr t\u00eb ulur deficitin buxhetor dhe investitor\u00ebt shqet\u00ebsohen se situata mund t\u00eb p\u00ebrkeq\u00ebsohet me shpejt\u00ebsi n\u00ebn nj\u00eb qeveri populiste t\u00eb drejtuar nga Le Pen dhe Bardella.<\/p>\n<p><em>Marr\u00eb nga \u201cBloomberg\u201d, p\u00ebrshtatur p\u00ebr Albanian Post\u00a0<\/em><\/p>\n<p>The post <a rel=\"nofollow\" href=\"https:\/\/albanianpost.com\/le-pen-thote-se-do-te-bashkepunoje-me-macron-nuk-dua-kaos-institucional\/\">Le Pen thot\u00eb se do t\u00eb bashk\u00ebpunoj\u00eb me Macron, \u201cnuk dua kaos institucional\u201d<\/a> appeared first on <a rel=\"nofollow\" href=\"https:\/\/albanianpost.com\/\">Albanian Post<\/a>.<\/p>\n","protected":false},"excerpt":{"rendered":"<p>Udh\u00ebheq\u00ebsja e ekstremit t\u00eb djatht\u00eb Marine Le Pen tha se nuk do t\u00eb p\u00ebrpiqet t\u00eb largoj\u00eb presidentin Emmanuel Macron n\u00ebse fiton zgjedhjet e parakohshme parlamentare t\u00eb Franc\u00ebs. \u201cUn\u00eb kam respekt p\u00ebr institucionet dhe nuk po b\u00ebj thirrje p\u00ebr kaos institucional\u201d, tha Le Pen p\u00ebr gazet\u00ebn Le Figaro. \u201cDo t\u00eb ket\u00eb thjesht bashk\u00ebjetes\u00eb\u201d. Le Pen po [&hellip;]<\/p>\n","protected":false},"author":1,"featured_media":4950,"comment_status":"open","ping_status":"open","sticky":false,"template":"","format":"standard","meta":{"footnotes":""},"categories":[1],"tags":[],"class_list":["post-4949","post","type-post","status-publish","format-standard","has-post-thumbnail","hentry","category-uncategorized"],"_links":{"self":[{"href":"https:\/\/radiogjilani.com\/index.php\/wp-json\/wp\/v2\/posts\/4949","targetHints":{"allow":["GET"]}}],"collection":[{"href":"https:\/\/radiogjilani.com\/index.php\/wp-json\/wp\/v2\/posts"}],"about":[{"href":"https:\/\/radiogjilani.com\/index.php\/wp-json\/wp\/v2\/types\/post"}],"author":[{"embeddable":true,"href":"https:\/\/radiogjilani.com\/index.php\/wp-json\/wp\/v2\/users\/1"}],"replies":[{"embeddable":true,"href":"https:\/\/radiogjilani.com\/index.php\/wp-json\/wp\/v2\/comments?post=4949"}],"version-history":[{"count":0,"href":"https:\/\/radiogjilani.com\/index.php\/wp-json\/wp\/v2\/posts\/4949\/revisions"}],"wp:featuredmedia":[{"embeddable":true,"href":"https:\/\/radiogjilani.com\/index.php\/wp-json\/wp\/v2\/media\/4950"}],"wp:attachment":[{"href":"https:\/\/radiogjilani.com\/index.php\/wp-json\/wp\/v2\/media?parent=4949"}],"wp:term":[{"taxonomy":"category","embeddable":true,"href":"https:\/\/radiogjilani.com\/index.php\/wp-json\/wp\/v2\/categories?post=4949"},{"taxonomy":"post_tag","embeddable":true,"href":"https:\/\/radiogjilani.com\/index.php\/wp-json\/wp\/v2\/tags?post=4949"}],"curies":[{"name":"wp","href":"https:\/\/api.w.org\/{rel}","templated":true}]}}