{"id":4953,"date":"2024-06-16T16:21:47","date_gmt":"2024-06-16T16:21:47","guid":{"rendered":"https:\/\/radiogjilani.com\/index.php\/2024\/06\/16\/osmani-ben-thirrje-per-mbeshtetjen-e-ukraines-kosova-pjese-e-aleancave-qe-mbrojne-vlerat-e-lirise\/"},"modified":"2024-06-16T16:21:47","modified_gmt":"2024-06-16T16:21:47","slug":"osmani-ben-thirrje-per-mbeshtetjen-e-ukraines-kosova-pjese-e-aleancave-qe-mbrojne-vlerat-e-lirise","status":"publish","type":"post","link":"https:\/\/radiogjilani.com\/index.php\/2024\/06\/16\/osmani-ben-thirrje-per-mbeshtetjen-e-ukraines-kosova-pjese-e-aleancave-qe-mbrojne-vlerat-e-lirise\/","title":{"rendered":"Osmani b\u00ebn thirrje p\u00ebr mb\u00ebshtetjen e Ukrain\u00ebs: Kosova, pjes\u00eb e aleancave q\u00eb mbrojn\u00eb vlerat e liris\u00eb"},"content":{"rendered":"<p class=\"v1MsoNormal\">Presidentja e Kosov\u00ebs, Vjosa Osmani, n\u00eb fjalimin p\u00ebrmbyll\u00ebs n\u00eb kuad\u00ebt t\u00eb Samitit t\u00eb Paqes p\u00ebr Ukrain\u00ebn n\u00eb Zvic\u00ebr, ku mor\u00ebn pjes\u00eb lider\u00eb nga 100 shtete t\u00eb t\u00eb gjitha kontinenteve, u ka b\u00ebr\u00eb thirrje pjes\u00ebmarr\u00ebsve n\u00eb k\u00ebt\u00eb samit q\u00eb t\u00eb vazhdojn\u00eb mb\u00ebshtetjen p\u00ebr luft\u00ebn e Ukrain\u00ebs kund\u00ebr agresionit t\u00eb Rusis\u00eb, ashtu sikurse mb\u00ebshteten luft\u00ebn \u00e7lirimtare t\u00eb Kosov\u00ebs para 25 vjet\u00ebsh.<\/p>\n<p class=\"v1MsoNormal\">\u201cN\u00eb dit\u00ebt m\u00eb t\u00eb v\u00ebshtira p\u00ebr popullin ton\u00eb, shtetet demokratike na erdh\u00ebn n\u00eb ndihm\u00eb duke d\u00ebrguar sinjal t\u00eb qart\u00eb se nuk do t\u00eb lejojn\u00eb shtypjen e shfarosjen e nj\u00eb populli q\u00eb luftonte p\u00ebr lirin\u00eb e vet. <u><\/u><u><\/u><u><\/u>25 vite pas Kosova \u00ebsht\u00eb pjes\u00eb e aleancave q\u00eb po mbrojn\u00eb vlerat e liris\u00eb\u201d, deklaroi presidentja Osmani.<\/p>\n<p>Autoritetet e Kosov\u00ebs jan\u00eb solidarizuar me Ukrain\u00ebn menj\u00ebher\u00eb pas pushtimit rus n\u00eb shkurt t\u00eb vitit 2022. Kosova ka ndjekur shembullin e pjes\u00ebs tjet\u00ebr t\u00eb bashk\u00ebsis\u00eb s\u00eb organizuar nd\u00ebrkomb\u00ebtare n\u00eb krye me Shtetet e Bashkuara t\u00eb Amerik\u00ebs (SHBA), duke vendosur dhjet\u00ebra raunde sanksionesh ndaj Rusis\u00eb dhe ka nisur n\u00eb Ukrain\u00eb dhjetra paketa t\u00eb ndihm\u00ebs ushtarake.<\/p>\n<p>\u201cKoleg\u00eb, 25 vjet m\u00eb par\u00eb, un\u00eb kam qen\u00eb nj\u00eb f\u00ebmij\u00eb lufte: jam d\u00ebbuar nga sht\u00ebpia, jam fshehur nga granatimet e agresorit n\u00eb male, duke mbajtur nj\u00eb radio t\u00eb vog\u00ebl n\u00eb dor\u00eb, duke d\u00ebgjuar s\u00eb bashku me shum\u00eb f\u00ebmij\u00eb t\u00eb tjer\u00eb, nd\u00ebrsa udh\u00ebheq\u00ebs si ju diskutonin n\u00ebse do t\u00eb na ndihmonin apo jo. Pastaj u b\u00ebra refugjate\u201d, kujtoi presidentja Osmani, derisa vazhdoi m\u00eb tej:<\/p>\n<div class=\"iframe-container\"><\/div>\n<p>\u201cVendet tuaja nuk i mbyll\u00ebn syt\u00eb ndaj vuajtjeve tona. Ju erdh\u00ebt n\u00eb shp\u00ebtimin ton\u00eb dhe m\u00eb dhat\u00eb nj\u00eb shans t\u00eb kthehem tani, 25 vjet m\u00eb pas, dhe ju fal\u00ebnderoj q\u00eb u b\u00ebt\u00eb shp\u00ebtimtar\u00ebt tan\u00eb. Shpresoj t\u2019u jepni t\u00eb nj\u00ebjtin shans f\u00ebmij\u00ebve t\u00eb Ukrain\u00ebs\u201d, shtoi nd\u00ebr t\u00eb tjera shefja e shtetit t\u00eb Kosov\u00ebs.<\/p>\n<p>Kosova sh\u00ebnoi 25-vjetorin e Dit\u00ebs s\u00eb Liris\u00eb apo \u00c7lirimit t\u00eb Kosov\u00ebs \u2013 at\u00ebher\u00eb kur tankset britanike \u201cChallenger\u201d n\u00eb rrug\u00eb tok\u00ebsore dhe \u201cApache-t\u201d amerikan\u00eb p\u00ebrmbi qiell, n\u00eb kuad\u00ebr t\u00eb trupave paqeruajt\u00ebse t\u00eb aleanc\u00ebs s\u00eb NATO-s, filluan marshimin n\u00eb Kosov\u00eb \u2013 pas fushat\u00ebs ajrore t\u00eb aleanc\u00ebs kund\u00ebr caqeve ushtarake e policore serbe n\u00eb Kosov\u00eb, Serbi e Mal t\u00eb Zi.<\/p>\n<p>The post <a rel=\"nofollow\" href=\"https:\/\/albanianpost.com\/osmani-ben-thirrje-per-mbeshtetjen-e-ukraines-kosova-pjese-e-aleancave-qe-mbrojne-vlerat-e-lirise\/\">Osmani b\u00ebn thirrje p\u00ebr mb\u00ebshtetjen e Ukrain\u00ebs: Kosova, pjes\u00eb e aleancave q\u00eb mbrojn\u00eb vlerat e liris\u00eb<\/a> appeared first on <a rel=\"nofollow\" href=\"https:\/\/albanianpost.com\/\">Albanian Post<\/a>.<\/p>\n","protected":false},"excerpt":{"rendered":"<p>Presidentja e Kosov\u00ebs, Vjosa Osmani, n\u00eb fjalimin p\u00ebrmbyll\u00ebs n\u00eb kuad\u00ebt t\u00eb Samitit t\u00eb Paqes p\u00ebr Ukrain\u00ebn n\u00eb Zvic\u00ebr, ku mor\u00ebn pjes\u00eb lider\u00eb nga 100 shtete t\u00eb t\u00eb gjitha kontinenteve, u ka b\u00ebr\u00eb thirrje pjes\u00ebmarr\u00ebsve n\u00eb k\u00ebt\u00eb samit q\u00eb t\u00eb vazhdojn\u00eb mb\u00ebshtetjen p\u00ebr luft\u00ebn e Ukrain\u00ebs kund\u00ebr agresionit t\u00eb Rusis\u00eb, ashtu sikurse mb\u00ebshteten luft\u00ebn \u00e7lirimtare t\u00eb [&hellip;]<\/p>\n","protected":false},"author":1,"featured_media":4954,"comment_status":"open","ping_status":"open","sticky":false,"template":"","format":"standard","meta":{"footnotes":""},"categories":[1],"tags":[],"class_list":["post-4953","post","type-post","status-publish","format-standard","has-post-thumbnail","hentry","category-uncategorized"],"_links":{"self":[{"href":"https:\/\/radiogjilani.com\/index.php\/wp-json\/wp\/v2\/posts\/4953","targetHints":{"allow":["GET"]}}],"collection":[{"href":"https:\/\/radiogjilani.com\/index.php\/wp-json\/wp\/v2\/posts"}],"about":[{"href":"https:\/\/radiogjilani.com\/index.php\/wp-json\/wp\/v2\/types\/post"}],"author":[{"embeddable":true,"href":"https:\/\/radiogjilani.com\/index.php\/wp-json\/wp\/v2\/users\/1"}],"replies":[{"embeddable":true,"href":"https:\/\/radiogjilani.com\/index.php\/wp-json\/wp\/v2\/comments?post=4953"}],"version-history":[{"count":0,"href":"https:\/\/radiogjilani.com\/index.php\/wp-json\/wp\/v2\/posts\/4953\/revisions"}],"wp:featuredmedia":[{"embeddable":true,"href":"https:\/\/radiogjilani.com\/index.php\/wp-json\/wp\/v2\/media\/4954"}],"wp:attachment":[{"href":"https:\/\/radiogjilani.com\/index.php\/wp-json\/wp\/v2\/media?parent=4953"}],"wp:term":[{"taxonomy":"category","embeddable":true,"href":"https:\/\/radiogjilani.com\/index.php\/wp-json\/wp\/v2\/categories?post=4953"},{"taxonomy":"post_tag","embeddable":true,"href":"https:\/\/radiogjilani.com\/index.php\/wp-json\/wp\/v2\/tags?post=4953"}],"curies":[{"name":"wp","href":"https:\/\/api.w.org\/{rel}","templated":true}]}}