{"id":496,"date":"2024-04-02T14:30:53","date_gmt":"2024-04-02T14:30:53","guid":{"rendered":"https:\/\/radiogjilani.com\/index.php\/2024\/04\/02\/kosova-pa-ligj-dhe-pa-strategji-nacionale-per-personat-me-autizem\/"},"modified":"2024-04-02T14:30:53","modified_gmt":"2024-04-02T14:30:53","slug":"kosova-pa-ligj-dhe-pa-strategji-nacionale-per-personat-me-autizem","status":"publish","type":"post","link":"https:\/\/radiogjilani.com\/index.php\/2024\/04\/02\/kosova-pa-ligj-dhe-pa-strategji-nacionale-per-personat-me-autizem\/","title":{"rendered":"Kosova pa Ligj dhe pa strategji nacionale p\u00ebr personat me autiz\u00ebm"},"content":{"rendered":"<p>N\u00eb Dit\u00ebn Bot\u00ebrore t\u00eb Autizmit u k\u00ebrkua ligji gjith\u00ebp\u00ebrfshir\u00ebs p\u00ebr Personat me Aft\u00ebsi t\u00eb Kufizuara.<\/p>\n<p>N\u00eb nj\u00eb konferenc\u00eb p\u00ebr media t\u00eb mbajtur me rastin e sh\u00ebnimin e Dit\u00ebs Bot\u00ebrore t\u00eb Autizimit, mungesa e nj\u00eb databaze me t\u00eb dh\u00ebna p\u00ebr personat me autiz\u00ebm n\u00eb Kosov\u00ebs \u00ebsht\u00eb cil\u00ebsuar si problem nga shoqatat q\u00eb merren me trajtimin e tyre.<\/p>\n<p>Nga Qeveria than\u00eb se jan\u00eb n\u00eb finalizim t\u00eb strategjis\u00eb nacionale p\u00ebr k\u00ebt\u00eb kategori.<\/p>\n<\/p>\n<p>The post <a rel=\"nofollow\" href=\"https:\/\/albanianpost.com\/kosova-pa-ligj-dhe-pa-strategji-nacionale-per-personat-me-autizem\/\">Kosova pa Ligj dhe pa strategji nacionale p\u00ebr personat me autiz\u00ebm<\/a> appeared first on <a rel=\"nofollow\" href=\"https:\/\/albanianpost.com\/\">Albanian Post<\/a>.<\/p>\n","protected":false},"excerpt":{"rendered":"<p>N\u00eb Dit\u00ebn Bot\u00ebrore t\u00eb Autizmit u k\u00ebrkua ligji gjith\u00ebp\u00ebrfshir\u00ebs p\u00ebr Personat me Aft\u00ebsi t\u00eb Kufizuara. N\u00eb nj\u00eb konferenc\u00eb p\u00ebr media t\u00eb mbajtur me rastin e sh\u00ebnimin e Dit\u00ebs Bot\u00ebrore t\u00eb Autizimit, mungesa e nj\u00eb databaze me t\u00eb dh\u00ebna p\u00ebr personat me autiz\u00ebm n\u00eb Kosov\u00ebs \u00ebsht\u00eb cil\u00ebsuar si problem nga shoqatat q\u00eb merren me trajtimin e [&hellip;]<\/p>\n","protected":false},"author":1,"featured_media":497,"comment_status":"open","ping_status":"open","sticky":false,"template":"","format":"standard","meta":{"footnotes":""},"categories":[1],"tags":[],"class_list":["post-496","post","type-post","status-publish","format-standard","has-post-thumbnail","hentry","category-uncategorized"],"_links":{"self":[{"href":"https:\/\/radiogjilani.com\/index.php\/wp-json\/wp\/v2\/posts\/496","targetHints":{"allow":["GET"]}}],"collection":[{"href":"https:\/\/radiogjilani.com\/index.php\/wp-json\/wp\/v2\/posts"}],"about":[{"href":"https:\/\/radiogjilani.com\/index.php\/wp-json\/wp\/v2\/types\/post"}],"author":[{"embeddable":true,"href":"https:\/\/radiogjilani.com\/index.php\/wp-json\/wp\/v2\/users\/1"}],"replies":[{"embeddable":true,"href":"https:\/\/radiogjilani.com\/index.php\/wp-json\/wp\/v2\/comments?post=496"}],"version-history":[{"count":0,"href":"https:\/\/radiogjilani.com\/index.php\/wp-json\/wp\/v2\/posts\/496\/revisions"}],"wp:featuredmedia":[{"embeddable":true,"href":"https:\/\/radiogjilani.com\/index.php\/wp-json\/wp\/v2\/media\/497"}],"wp:attachment":[{"href":"https:\/\/radiogjilani.com\/index.php\/wp-json\/wp\/v2\/media?parent=496"}],"wp:term":[{"taxonomy":"category","embeddable":true,"href":"https:\/\/radiogjilani.com\/index.php\/wp-json\/wp\/v2\/categories?post=496"},{"taxonomy":"post_tag","embeddable":true,"href":"https:\/\/radiogjilani.com\/index.php\/wp-json\/wp\/v2\/tags?post=496"}],"curies":[{"name":"wp","href":"https:\/\/api.w.org\/{rel}","templated":true}]}}