{"id":5015,"date":"2024-06-17T16:51:48","date_gmt":"2024-06-17T16:51:48","guid":{"rendered":"https:\/\/radiogjilani.com\/index.php\/2024\/06\/17\/kurti-disa-kryetare-edhe-na-kritikojne-edhe-i-paraqesin-si-suksese-komunale-investimet-e-qeverise\/"},"modified":"2024-06-17T16:51:48","modified_gmt":"2024-06-17T16:51:48","slug":"kurti-disa-kryetare-edhe-na-kritikojne-edhe-i-paraqesin-si-suksese-komunale-investimet-e-qeverise","status":"publish","type":"post","link":"https:\/\/radiogjilani.com\/index.php\/2024\/06\/17\/kurti-disa-kryetare-edhe-na-kritikojne-edhe-i-paraqesin-si-suksese-komunale-investimet-e-qeverise\/","title":{"rendered":"Kurti: Disa kryetar\u00eb edhe na kritikojn\u00eb, edhe i paraqesin si suksese komunale investimet e Qeveris\u00eb"},"content":{"rendered":"<p>Kryeministri i Kosov\u00ebs, njehrit kryetar i L\u00ebvizjes Vet\u00ebvendosje, Albin Kurti, ka adresuar kritika ndaj disa kryetar\u00ebve t\u00eb komunave t\u00eb cil\u00ebt e kan\u00eb kritikuar p\u00ebr munges\u00eb t\u00eb bashk\u00ebpunimit.<\/p>\n<p>\u201cKemi investuar n\u00eb projekte dhe programe q\u00eb kan\u00eb sjellur zhvillim ekonomik lokal dhe potencial elektoral p\u00ebr kryetar\u00ebt e disa komunave t\u00eb cil\u00ebt po tentojn\u00eb q\u00eb n\u00eb nj\u00ebr\u00ebn an\u00eb ta kritikojn\u00eb Qeverin\u00eb p\u00ebr munges\u00eb t\u00eb bashk\u00ebpunimit e n\u00eb an\u00ebn tjet\u00ebr t\u2019i paraqesin k\u00ebto investime si suksese komunale\u201d, tha Kurti gjat\u00eb nj\u00eb tubimi me simpatizant\u00eb t\u00eb LVV-s\u00eb n\u00eb <a href=\"https:\/\/www.facebook.com\/vetevendosje\/videos\/366621966039945\">Shtimje<\/a>.<\/p>\n<p>Megjithat\u00eb, ai ka theksuar se \u201cnuk merakosemi p\u00ebr merita dhe as nuk krekosemi p\u00ebr pun\u00ebt q\u00eb b\u00ebhen n\u00eb sh\u00ebrbim t\u00eb qytetar\u00ebve\u201d.<\/p>\n<p>\u201cSi Qeveri kemi b\u00ebr\u00eb m\u00eb shum\u00eb p\u00ebr qeverisjen lokale se sa t\u00eb gjith\u00eb ata q\u00eb ishin para nesh, buxheti i komunave p\u00ebr vitin 2024 arrin n\u00eb 742 mij\u00eb euro\u201d, shtoi Kurti.<\/p>\n<div class=\"iframe-container\"><\/div>\n<p>\u201cNga viti 2023-24 ka nj\u00eb rritje prej rreth 90 milion\u00eb euro, nd\u00ebrsa nga fillimi i mandatit \u00ebsht\u00eb rritur p\u00ebr 195 milion\u00eb m\u00eb shum\u00eb buxheti i komunave duke iu fal\u00ebnderuar qeverisjes s\u00eb mir\u00eb e demokratike\u201d.<\/p>\n<p>Por, bazuar n\u00eb analiz\u00ebn e Institutit p\u00ebr Studime t\u00eb Avancuara (<a href=\"https:\/\/www.institutigap.org\/lajme\/3162?fbclid=IwAR1BiBm_LwGazBih_JijS3psWPPKmNcGo924fBRB8f3yTjDA9VqqytZHj9M\">GAP<\/a>) p\u00ebr ndarjet buxhetore p\u00ebr vitin 2024, konsiderohet se Qeveria, ashtu sikurse vitin e kaluar, ka ndar\u00eb m\u00eb shum\u00eb mjete p\u00ebr komunat e udh\u00ebhequra nga L\u00ebvizja Vet\u00ebvendosje (LVV) \u2013 Gjilan, Kamenic\u00eb, Podujev\u00eb dhe Shtime.<\/p>\n<p>\u201cNgjash\u00ebm me vitin e kaluar, edhe k\u00ebt\u00eb vit, qeveria ka ndar\u00eb m\u00eb shum\u00eb mjete p\u00ebr komunat e udh\u00ebhequra nga Vet\u00ebvendosje (VV) ku mbi gjysma e k\u00ebsaj shume (59.5% apo 13 milion\u00eb euro) jan\u00eb orientuar n\u00eb kat\u00ebr komunat e udh\u00ebhequra nga VV (Gjilan, Kamenic\u00eb, Podujev\u00eb dhe Shtime). K\u00ebto komuna p\u00ebrb\u00ebjn\u00eb 14.5% t\u00eb sip\u00ebrfaqes n\u00eb Kosov\u00eb dhe 11.6% t\u00eb popullsis\u00eb\u201d.<\/p>\n<p>Gjilani edhe sivjet mbetet komuna me vler\u00ebn m\u00eb t\u00eb lart\u00eb t\u00eb investimeve t\u00eb reja, sipas institutit GAP, me investime n\u00eb vler\u00eb prej 6.3 milion\u00eb euro, apo rreth 29% t\u00eb gjithsej investimeve t\u00eb reja n\u00eb komuna, nd\u00ebrsa komuna e dyt\u00eb\u00a0me vler\u00ebn m\u00eb t\u00eb lart\u00eb \u00ebsht\u00eb komuna e Shtimes, me investime t\u00eb reja n\u00eb vler\u00eb prej 2.7 milion\u00eb euro, apo rreth 12.6% t\u00eb gjithsej investimeve t\u00eb reja.<\/p>\n<p>N\u00eb raportin e Institutit GAP p\u00ebr ndarjet buxhetore, thuhet se n\u00eb hartimin e projektbuxhetit t\u00eb vitit 2024, ekzekutivi \u00ebsht\u00eb treguar m\u00eb i matur n\u00eb planifikimin e t\u00eb hyrave dhe shpenzimeve sepse parashikohet nj\u00eb rritje e ngadal\u00ebsuar e t\u00eb hyrave dhe shpenzimeve buxhetore, p\u00ebrkat\u00ebsisht 5 dhe 3 p\u00ebr qind, duke arritur n\u00eb shum\u00ebn 3 dhe 3.3 miliard\u00eb euro.<\/p>\n<p>Shkalla e realizimit t\u00eb buxhetit t\u00eb ndar\u00eb p\u00ebr investime kapitale, thuhet nd\u00ebr t\u00eb tjera n\u00eb analiz\u00ebn e institutit GAP, ka mbetur e ul\u00ebt. Insituti GAP ka vler\u00ebsuar se nga gjithsej 859.2 milion\u00eb euro sa jan\u00eb planifikuar p\u00ebr shpenzime kapitale p\u00ebr vitin 2024, rreth 83% jan\u00eb vazhdim i projekteve t\u00eb m\u00ebhershme dhe 17% jan\u00eb planifikuar p\u00ebr projekte t\u00eb reja kapitale.<\/p>\n<p>The post <a rel=\"nofollow\" href=\"https:\/\/albanianpost.com\/kurti-kritikon-kryetaret-e-disa-komunave-e-kritikojne-qeverine-per-mungese-bashkepunimi-investimet-i-paraqesin-si-suksese-komunale\/\">Kurti: Disa kryetar\u00eb edhe na kritikojn\u00eb, edhe i paraqesin si suksese komunale investimet e Qeveris\u00eb<\/a> appeared first on <a rel=\"nofollow\" href=\"https:\/\/albanianpost.com\/\">Albanian Post<\/a>.<\/p>\n","protected":false},"excerpt":{"rendered":"<p>Kryeministri i Kosov\u00ebs, njehrit kryetar i L\u00ebvizjes Vet\u00ebvendosje, Albin Kurti, ka adresuar kritika ndaj disa kryetar\u00ebve t\u00eb komunave t\u00eb cil\u00ebt e kan\u00eb kritikuar p\u00ebr munges\u00eb t\u00eb bashk\u00ebpunimit. \u201cKemi investuar n\u00eb projekte dhe programe q\u00eb kan\u00eb sjellur zhvillim ekonomik lokal dhe potencial elektoral p\u00ebr kryetar\u00ebt e disa komunave t\u00eb cil\u00ebt po tentojn\u00eb q\u00eb n\u00eb nj\u00ebr\u00ebn an\u00eb [&hellip;]<\/p>\n","protected":false},"author":1,"featured_media":5016,"comment_status":"open","ping_status":"open","sticky":false,"template":"","format":"standard","meta":{"footnotes":""},"categories":[1],"tags":[],"class_list":["post-5015","post","type-post","status-publish","format-standard","has-post-thumbnail","hentry","category-uncategorized"],"_links":{"self":[{"href":"https:\/\/radiogjilani.com\/index.php\/wp-json\/wp\/v2\/posts\/5015","targetHints":{"allow":["GET"]}}],"collection":[{"href":"https:\/\/radiogjilani.com\/index.php\/wp-json\/wp\/v2\/posts"}],"about":[{"href":"https:\/\/radiogjilani.com\/index.php\/wp-json\/wp\/v2\/types\/post"}],"author":[{"embeddable":true,"href":"https:\/\/radiogjilani.com\/index.php\/wp-json\/wp\/v2\/users\/1"}],"replies":[{"embeddable":true,"href":"https:\/\/radiogjilani.com\/index.php\/wp-json\/wp\/v2\/comments?post=5015"}],"version-history":[{"count":0,"href":"https:\/\/radiogjilani.com\/index.php\/wp-json\/wp\/v2\/posts\/5015\/revisions"}],"wp:featuredmedia":[{"embeddable":true,"href":"https:\/\/radiogjilani.com\/index.php\/wp-json\/wp\/v2\/media\/5016"}],"wp:attachment":[{"href":"https:\/\/radiogjilani.com\/index.php\/wp-json\/wp\/v2\/media?parent=5015"}],"wp:term":[{"taxonomy":"category","embeddable":true,"href":"https:\/\/radiogjilani.com\/index.php\/wp-json\/wp\/v2\/categories?post=5015"},{"taxonomy":"post_tag","embeddable":true,"href":"https:\/\/radiogjilani.com\/index.php\/wp-json\/wp\/v2\/tags?post=5015"}],"curies":[{"name":"wp","href":"https:\/\/api.w.org\/{rel}","templated":true}]}}