{"id":5065,"date":"2024-06-18T17:27:35","date_gmt":"2024-06-18T17:27:35","guid":{"rendered":"https:\/\/radiogjilani.com\/index.php\/2024\/06\/18\/rruga-perpara-tranzicioni-i-energjise-se-gjelber-ne-kosove\/"},"modified":"2024-06-18T17:27:35","modified_gmt":"2024-06-18T17:27:35","slug":"rruga-perpara-tranzicioni-i-energjise-se-gjelber-ne-kosove","status":"publish","type":"post","link":"https:\/\/radiogjilani.com\/index.php\/2024\/06\/18\/rruga-perpara-tranzicioni-i-energjise-se-gjelber-ne-kosove\/","title":{"rendered":"Rruga p\u00ebrpara: Tranzicioni i Energjis\u00eb s\u00eb Gjelb\u00ebr n\u00eb Kosov\u00eb"},"content":{"rendered":"<p>Tranzicioni drejt nj\u00eb ekonomie m\u00eb t\u00eb gjelb\u00ebr dhe m\u00eb t\u00eb q\u00ebndrueshme \u00ebsht\u00eb nj\u00eb nga sfidat kryesore t\u00eb koh\u00ebs son\u00eb nd\u00ebrsa p\u00ebrpiqemi t\u00eb sigurojm\u00eb nj\u00eb t\u00eb ardhme p\u00ebr bot\u00ebn. Situata \u00ebsht\u00eb e ngutshme n\u00eb mbar\u00eb tok\u00ebn, dhe n\u00eb Ballkanin Per\u00ebndimor diversifikimi i burimeve t\u00eb energjis\u00eb \u00ebsht\u00eb thelb\u00ebsor (platforma p\u00ebr tranzicionin energjitik t\u00eb Maqedonis\u00eb s\u00eb Veriut e lan\u00e7uar n\u00eb COP28 me mb\u00ebshtetjen e Bank\u00ebs&#8230;<\/p>\n<p><a href=\"https:\/\/ekonomiaonline.com\/rruga-perpara-tranzicioni-i-energjise-se-gjelber-ne-kosove\/\" rel=\"nofollow\">Source<\/a><\/p>\n","protected":false},"excerpt":{"rendered":"<p>Tranzicioni drejt nj\u00eb ekonomie m\u00eb t\u00eb gjelb\u00ebr dhe m\u00eb t\u00eb q\u00ebndrueshme \u00ebsht\u00eb nj\u00eb nga sfidat kryesore t\u00eb koh\u00ebs son\u00eb nd\u00ebrsa p\u00ebrpiqemi t\u00eb sigurojm\u00eb nj\u00eb t\u00eb ardhme p\u00ebr bot\u00ebn. Situata \u00ebsht\u00eb e ngutshme n\u00eb mbar\u00eb tok\u00ebn, dhe n\u00eb Ballkanin Per\u00ebndimor diversifikimi i burimeve t\u00eb energjis\u00eb \u00ebsht\u00eb thelb\u00ebsor (platforma p\u00ebr tranzicionin energjitik t\u00eb Maqedonis\u00eb s\u00eb Veriut e [&hellip;]<\/p>\n","protected":false},"author":1,"featured_media":5066,"comment_status":"open","ping_status":"open","sticky":false,"template":"","format":"standard","meta":{"footnotes":""},"categories":[19],"tags":[],"class_list":["post-5065","post","type-post","status-publish","format-standard","has-post-thumbnail","hentry","category-eko"],"_links":{"self":[{"href":"https:\/\/radiogjilani.com\/index.php\/wp-json\/wp\/v2\/posts\/5065","targetHints":{"allow":["GET"]}}],"collection":[{"href":"https:\/\/radiogjilani.com\/index.php\/wp-json\/wp\/v2\/posts"}],"about":[{"href":"https:\/\/radiogjilani.com\/index.php\/wp-json\/wp\/v2\/types\/post"}],"author":[{"embeddable":true,"href":"https:\/\/radiogjilani.com\/index.php\/wp-json\/wp\/v2\/users\/1"}],"replies":[{"embeddable":true,"href":"https:\/\/radiogjilani.com\/index.php\/wp-json\/wp\/v2\/comments?post=5065"}],"version-history":[{"count":0,"href":"https:\/\/radiogjilani.com\/index.php\/wp-json\/wp\/v2\/posts\/5065\/revisions"}],"wp:featuredmedia":[{"embeddable":true,"href":"https:\/\/radiogjilani.com\/index.php\/wp-json\/wp\/v2\/media\/5066"}],"wp:attachment":[{"href":"https:\/\/radiogjilani.com\/index.php\/wp-json\/wp\/v2\/media?parent=5065"}],"wp:term":[{"taxonomy":"category","embeddable":true,"href":"https:\/\/radiogjilani.com\/index.php\/wp-json\/wp\/v2\/categories?post=5065"},{"taxonomy":"post_tag","embeddable":true,"href":"https:\/\/radiogjilani.com\/index.php\/wp-json\/wp\/v2\/tags?post=5065"}],"curies":[{"name":"wp","href":"https:\/\/api.w.org\/{rel}","templated":true}]}}