{"id":5099,"date":"2024-06-19T17:26:48","date_gmt":"2024-06-19T17:26:48","guid":{"rendered":"https:\/\/radiogjilani.com\/index.php\/2024\/06\/19\/rohde-kosova-deshiron-te-jete-pjese-e-be-se-themeli-i-kesaj-eshte-sundimi-i-ligjit\/"},"modified":"2024-06-19T17:26:48","modified_gmt":"2024-06-19T17:26:48","slug":"rohde-kosova-deshiron-te-jete-pjese-e-be-se-themeli-i-kesaj-eshte-sundimi-i-ligjit","status":"publish","type":"post","link":"https:\/\/radiogjilani.com\/index.php\/2024\/06\/19\/rohde-kosova-deshiron-te-jete-pjese-e-be-se-themeli-i-kesaj-eshte-sundimi-i-ligjit\/","title":{"rendered":"Rohde: Kosova d\u00ebshiron t\u00eb jet\u00eb pjes\u00eb e BE-s\u00eb, themeli i k\u00ebsaj \u00ebsht\u00eb sundimi i ligjit"},"content":{"rendered":"<p>N\u00eb panelin e dyt\u00eb t\u00eb konferenc\u00ebs p\u00ebr mbyll\u00ebse t\u00eb projektit EUKOJUST, \u00ebsht\u00eb diskutuar me tem\u00ebn, \u201cNj\u00eb korniz\u00eb m\u00eb e mir\u00eb ligjore p\u00ebr t\u2019u p\u00ebrgatitur p\u00ebr p\u00ebrafrim me acquis t\u00eb BE-s\u00eb\u201d, ku \u00ebsht\u00eb theksuar r\u00ebnd\u00ebsia e sundimit t\u00eb ligjit n\u00eb rrug\u00ebn e Kosov\u00ebs drejt BE-s\u00eb, raporton Ekonomia Online. Carin Lobbezoo, Ambasadore e Holand\u00ebs n\u00eb Kosov\u00eb, tha se fush\u00ebveprimi i k\u00ebtij projekti \u00ebsht\u00eb i jasht\u00ebzakonsh\u00ebm&#8230;<\/p>\n<p><a href=\"https:\/\/ekonomiaonline.com\/rohde-kosova-deshiron-te-jete-pjese-e-be-se-themeli-i-kesaj-eshte-sundimi-i-ligjit\/\" rel=\"nofollow\">Source<\/a><\/p>\n","protected":false},"excerpt":{"rendered":"<p>N\u00eb panelin e dyt\u00eb t\u00eb konferenc\u00ebs p\u00ebr mbyll\u00ebse t\u00eb projektit EUKOJUST, \u00ebsht\u00eb diskutuar me tem\u00ebn, \u201cNj\u00eb korniz\u00eb m\u00eb e mir\u00eb ligjore p\u00ebr t\u2019u p\u00ebrgatitur p\u00ebr p\u00ebrafrim me acquis t\u00eb BE-s\u00eb\u201d, ku \u00ebsht\u00eb theksuar r\u00ebnd\u00ebsia e sundimit t\u00eb ligjit n\u00eb rrug\u00ebn e Kosov\u00ebs drejt BE-s\u00eb, raporton Ekonomia Online. Carin Lobbezoo, Ambasadore e Holand\u00ebs n\u00eb Kosov\u00eb, tha [&hellip;]<\/p>\n","protected":false},"author":1,"featured_media":5100,"comment_status":"open","ping_status":"open","sticky":false,"template":"","format":"standard","meta":{"footnotes":""},"categories":[19],"tags":[],"class_list":["post-5099","post","type-post","status-publish","format-standard","has-post-thumbnail","hentry","category-eko"],"_links":{"self":[{"href":"https:\/\/radiogjilani.com\/index.php\/wp-json\/wp\/v2\/posts\/5099","targetHints":{"allow":["GET"]}}],"collection":[{"href":"https:\/\/radiogjilani.com\/index.php\/wp-json\/wp\/v2\/posts"}],"about":[{"href":"https:\/\/radiogjilani.com\/index.php\/wp-json\/wp\/v2\/types\/post"}],"author":[{"embeddable":true,"href":"https:\/\/radiogjilani.com\/index.php\/wp-json\/wp\/v2\/users\/1"}],"replies":[{"embeddable":true,"href":"https:\/\/radiogjilani.com\/index.php\/wp-json\/wp\/v2\/comments?post=5099"}],"version-history":[{"count":0,"href":"https:\/\/radiogjilani.com\/index.php\/wp-json\/wp\/v2\/posts\/5099\/revisions"}],"wp:featuredmedia":[{"embeddable":true,"href":"https:\/\/radiogjilani.com\/index.php\/wp-json\/wp\/v2\/media\/5100"}],"wp:attachment":[{"href":"https:\/\/radiogjilani.com\/index.php\/wp-json\/wp\/v2\/media?parent=5099"}],"wp:term":[{"taxonomy":"category","embeddable":true,"href":"https:\/\/radiogjilani.com\/index.php\/wp-json\/wp\/v2\/categories?post=5099"},{"taxonomy":"post_tag","embeddable":true,"href":"https:\/\/radiogjilani.com\/index.php\/wp-json\/wp\/v2\/tags?post=5099"}],"curies":[{"name":"wp","href":"https:\/\/api.w.org\/{rel}","templated":true}]}}