{"id":5121,"date":"2024-06-19T17:27:56","date_gmt":"2024-06-19T17:27:56","guid":{"rendered":"https:\/\/radiogjilani.com\/index.php\/2024\/06\/19\/komisioni-evropian-paralajmeron-francen-per-rregullat-fiskale-ndersa-afrohen-zgjedhjet\/"},"modified":"2024-06-19T17:27:56","modified_gmt":"2024-06-19T17:27:56","slug":"komisioni-evropian-paralajmeron-francen-per-rregullat-fiskale-ndersa-afrohen-zgjedhjet","status":"publish","type":"post","link":"https:\/\/radiogjilani.com\/index.php\/2024\/06\/19\/komisioni-evropian-paralajmeron-francen-per-rregullat-fiskale-ndersa-afrohen-zgjedhjet\/","title":{"rendered":"Komisioni Evropian paralajm\u00ebron Franc\u00ebn p\u00ebr rregullat fiskale, nd\u00ebrsa afrohen zgjedhjet"},"content":{"rendered":"<p>Komisioni Evropian i ka l\u00ebshuar nj\u00eb qortim Franc\u00ebs p\u00ebr thyerjen e rregullave fiskale t\u00eb BE-s\u00eb p\u00ebrpara zgjedhjeve ku kryesuesit po b\u00ebjn\u00eb premtime t\u00eb m\u00ebdha shpenzimesh.<\/p>\n<p>Vendimi i ekzekutivit t\u00eb BE-s\u00eb p\u00ebr t\u00eb nisur \u201cprocedur\u00ebn e deficitit t\u00eb tepruar\u201d kund\u00ebr Franc\u00ebs \u00ebsht\u00eb nj\u00eb goditje p\u00ebr Emmanuel Macron \u2013 me nj\u00eb deficit shum\u00eb mbi pragun e BE-s\u00eb \u2013 dhe gjithashtu krijon nj\u00eb kurs p\u00ebrplasjeje me nj\u00eb qeveri paszgjedhore t\u00eb dominuar potencialisht nga e djathta ekstreme apo koalicionin e majt\u00eb.<\/p>\n<p>T\u00eb dy grupet kan\u00eb b\u00ebr\u00eb premtime t\u00eb m\u00ebdha p\u00ebr shpenzime p\u00ebrpara zgjedhjeve legjislative m\u00eb 30 qershor dhe 7 korrik dhe, sipas sondazheve, po l\u00ebn\u00eb partin\u00eb e Rilindjes s\u00eb Macron n\u00eb vendin e tret\u00eb.<\/p>\n<p>Ressemblement Natinal e ekstremit t\u00eb djatht\u00eb \u00ebsht\u00eb zotuar t\u00eb shfuqizoj\u00eb reform\u00ebn e pensioneve t\u00eb luftuar shum\u00eb t\u00eb Macron dhe t\u00eb ul\u00eb mosh\u00ebn e pensionit p\u00ebr ata q\u00eb filluan pun\u00ebn n\u00eb adoleshenc\u00eb. Partia e Marine Le Pen d\u00ebshiron gjithashtu t\u00eb ul\u00eb TVSH-n\u00eb p\u00ebr ushqimin dhe karburantin, dhe n\u00eb fushat\u00ebn presidenciale t\u00eb vitit 2022 premtoi t\u00eb p\u00ebrjashtoj\u00eb pun\u00ebtor\u00ebt n\u00ebn 30 vje\u00e7 nga tatimi mbi t\u00eb ardhurat.<\/p>\n<div class=\"iframe-container\">\n<p><a href=\"https:\/\/track.adform.net\/C\/?bn=73199340;C=0\" target=\"_blank\" rel=\"noopener\"><\/p>\n<p><img loading=\"lazy\" decoding=\"async\" src=\"https:\/\/track.adform.net\/adfserve\/?bn=73199340;srctype=4;ord=%5Btimestamp%5D\" border=\"0\" width=\"300\" height=\"250\" alt=\"\"><\/p>\n<p><\/a><\/p><\/div>\n<p>Fronti i Ri Popullor, q\u00eb bashkon t\u00eb majt\u00ebn, k\u00ebrkon t\u00eb ul\u00eb mosh\u00ebn e pensionit n\u00eb 60 vje\u00e7, t\u00eb rris\u00eb pag\u00ebn minimale dhe t\u00eb ngrij\u00eb \u00e7mimet e ushqimeve, energjis\u00eb dhe karburanteve.<\/p>\n<p>Ministri aktual i financave, Bruno Le Maire, paralajm\u00ebroi se \u201cnj\u00eb skenar i Liz Truss ishte i mundur\u201d, n\u00ebse RN do t\u00eb zbatonte programin e tij ekonomik, duke iu referuar m\u00ebnyr\u00ebs sesi kryeministri britanik jet\u00ebshkurt\u00ebr tronditi tregjet financiare me planet p\u00ebr shkurtime t\u00eb m\u00ebdha t\u00eb taksave t\u00eb pafinancuara. Ai ka b\u00ebr\u00eb paralajm\u00ebrime t\u00eb ngjashme p\u00ebr planet e shpenzimeve t\u00eb s\u00eb majt\u00ebs.<\/p>\n<p>Deficiti i Franc\u00ebs \u2013 diferenca midis shpenzimeve qeveritare dhe t\u00eb ardhurave \u2013 ishte 5.5% e prodhimit ekonomik n\u00eb 2023 dhe parashikohet t\u00eb mbetet n\u00eb 5% n\u00eb 2025, shum\u00eb mbi pragun e BE-s\u00eb prej 3%. Borxhi i qeveris\u00eb ishte 110.6% e prodhimit t\u00eb brendsh\u00ebm bruto n\u00eb vitin 2023 dhe parashikohet t\u00eb rritet n\u00eb 113.8% deri n\u00eb vitin 2025, krahasuar me kufirin e BE-s\u00eb prej 60% t\u00eb PBB-s\u00eb. \u201cAnaliza e q\u00ebndrueshm\u00ebris\u00eb s\u00eb borxhit tregon rrezik t\u00eb lart\u00eb n\u00eb afat t\u00eb mes\u00ebm,\u201d tha Komisioni.<\/p>\n<p>Gjasht\u00eb shtete t\u00eb tjera an\u00ebtare q\u00eb shkelin rregullat e deficitit t\u00eb BE-s\u00eb u vun\u00eb n\u00eb t\u00eb nj\u00ebjt\u00ebn procedur\u00eb t\u00eb m\u00ebrkur\u00ebn: Belgjika, Italia, Hungaria, Malta, Polonia dhe Sllovakia.<\/p>\n<p>Sipas rregullave t\u00eb reja t\u00eb miratuara vitin e kaluar, vendet q\u00eb thyejn\u00eb rregullat duhet t\u00eb reduktojn\u00eb deficitet \u201ct\u00eb tep\u00ebrta\u201d me 0.5% n\u00eb vit. Por n\u00eb nj\u00eb p\u00ebrpjekje p\u00ebr t\u00eb shmangur d\u00ebmtimin e rritjes ekonomike, rregullat lejojn\u00eb m\u00eb shum\u00eb fleksibilitet p\u00ebr shpenzimet p\u00ebr mbrojtjen, politikat e gjelbra dhe digjitale.<\/p>\n<p>N\u00eb teori, shkel\u00ebsit e rregullave t\u00eb p\u00ebrs\u00ebritura mund t\u00eb gjobiten, por asnj\u00eb vend nuk \u00ebsht\u00eb p\u00ebrballur ndonj\u00ebher\u00eb me k\u00ebt\u00eb sanksion, mes frik\u00ebs se mund t\u00eb p\u00ebrkeq\u00ebsoj\u00eb situat\u00ebn ekonomike dhe t\u00eb nxis\u00eb tensionet politike.<\/p>\n<p>Zyrtar\u00ebt e BE-s\u00eb nuk do t\u00eb parashtrojn\u00eb rekomandime t\u00eb qarta p\u00ebr vendet q\u00eb thyejn\u00eb rregullat se si t\u00eb reduktojn\u00eb deficitin derisa nj\u00eb komision i ri t\u00eb marr\u00eb detyr\u00ebn m\u00eb 1 n\u00ebntor. K\u00ebto plane p\u00ebr reduktimin e deficitit do t\u00eb duhet gjithashtu t\u00eb miratohen nga ministrat e financave t\u00eb BE-s\u00eb.<\/p>\n<p>Komisioneri i ekonomis\u00eb s\u00eb BE-s\u00eb, Paolo Gentiloni, nuk pranoi t\u00eb komentonte mbi planet e shpenzimeve t\u00eb partive franceze, duke th\u00ebn\u00eb thjesht se ai kishte besim se diskutimet me nj\u00eb qeveri t\u00eb ardhshme franceze do t\u00eb ishin \u201ct\u00eb dobishme dhe me nj\u00eb p\u00ebrfundim t\u00eb mir\u00eb\u201d.<\/p>\n<p>Gentiloni, nj\u00eb ish-kryeminist\u00ebr italian, hodhi posht\u00eb sugjerimet se detyrimi p\u00ebr t\u00eb reduktuar deficitin sinjalizonte nj\u00eb kthim n\u00eb masat shtr\u00ebnguese: \u201cPolitikat tona ekonomike dhe fiskale tani po hyjn\u00eb n\u00eb nj\u00eb cik\u00ebl t\u00eb ri. Kjo nuk do t\u00eb thot\u00eb rikthim n\u00eb normalitet, sepse nuk po jetojm\u00eb n\u00eb koh\u00eb normale; dhe definitivisht nuk do t\u00eb kthehemi te masat shtr\u00ebnguese, sepse ky do t\u00eb ishte nj\u00eb gabim i tmerrsh\u00ebm\u201d.<\/p>\n<p>The post <a rel=\"nofollow\" href=\"https:\/\/albanianpost.com\/komisioni-evropian-paralajmeron-francen-per-rregullat-fiskale-ndersa-afrohen-zgjedhjet\/\">Komisioni Evropian paralajm\u00ebron Franc\u00ebn p\u00ebr rregullat fiskale, nd\u00ebrsa afrohen zgjedhjet<\/a> appeared first on <a rel=\"nofollow\" href=\"https:\/\/albanianpost.com\/\">Albanian Post<\/a>.<\/p>\n","protected":false},"excerpt":{"rendered":"<p>Komisioni Evropian i ka l\u00ebshuar nj\u00eb qortim Franc\u00ebs p\u00ebr thyerjen e rregullave fiskale t\u00eb BE-s\u00eb p\u00ebrpara zgjedhjeve ku kryesuesit po b\u00ebjn\u00eb premtime t\u00eb m\u00ebdha shpenzimesh. Vendimi i ekzekutivit t\u00eb BE-s\u00eb p\u00ebr t\u00eb nisur \u201cprocedur\u00ebn e deficitit t\u00eb tepruar\u201d kund\u00ebr Franc\u00ebs \u00ebsht\u00eb nj\u00eb goditje p\u00ebr Emmanuel Macron \u2013 me nj\u00eb deficit shum\u00eb mbi pragun e BE-s\u00eb [&hellip;]<\/p>\n","protected":false},"author":1,"featured_media":5122,"comment_status":"open","ping_status":"open","sticky":false,"template":"","format":"standard","meta":{"footnotes":""},"categories":[1],"tags":[],"class_list":["post-5121","post","type-post","status-publish","format-standard","has-post-thumbnail","hentry","category-uncategorized"],"_links":{"self":[{"href":"https:\/\/radiogjilani.com\/index.php\/wp-json\/wp\/v2\/posts\/5121","targetHints":{"allow":["GET"]}}],"collection":[{"href":"https:\/\/radiogjilani.com\/index.php\/wp-json\/wp\/v2\/posts"}],"about":[{"href":"https:\/\/radiogjilani.com\/index.php\/wp-json\/wp\/v2\/types\/post"}],"author":[{"embeddable":true,"href":"https:\/\/radiogjilani.com\/index.php\/wp-json\/wp\/v2\/users\/1"}],"replies":[{"embeddable":true,"href":"https:\/\/radiogjilani.com\/index.php\/wp-json\/wp\/v2\/comments?post=5121"}],"version-history":[{"count":0,"href":"https:\/\/radiogjilani.com\/index.php\/wp-json\/wp\/v2\/posts\/5121\/revisions"}],"wp:featuredmedia":[{"embeddable":true,"href":"https:\/\/radiogjilani.com\/index.php\/wp-json\/wp\/v2\/media\/5122"}],"wp:attachment":[{"href":"https:\/\/radiogjilani.com\/index.php\/wp-json\/wp\/v2\/media?parent=5121"}],"wp:term":[{"taxonomy":"category","embeddable":true,"href":"https:\/\/radiogjilani.com\/index.php\/wp-json\/wp\/v2\/categories?post=5121"},{"taxonomy":"post_tag","embeddable":true,"href":"https:\/\/radiogjilani.com\/index.php\/wp-json\/wp\/v2\/tags?post=5121"}],"curies":[{"name":"wp","href":"https:\/\/api.w.org\/{rel}","templated":true}]}}