{"id":5170,"date":"2024-06-20T18:19:00","date_gmt":"2024-06-20T18:19:00","guid":{"rendered":"https:\/\/radiogjilani.com\/index.php\/2024\/06\/20\/citaku-viziton-thacin-ne-hage-kosova-do-te-behet-sepse-eshte-ngritur-mbi-shpatullat-e-gjiganteve\/"},"modified":"2024-06-20T18:19:00","modified_gmt":"2024-06-20T18:19:00","slug":"citaku-viziton-thacin-ne-hage-kosova-do-te-behet-sepse-eshte-ngritur-mbi-shpatullat-e-gjiganteve","status":"publish","type":"post","link":"https:\/\/radiogjilani.com\/index.php\/2024\/06\/20\/citaku-viziton-thacin-ne-hage-kosova-do-te-behet-sepse-eshte-ngritur-mbi-shpatullat-e-gjiganteve\/","title":{"rendered":"\u00c7itaku viziton Tha\u00e7in n\u00eb Hag\u00eb: Kosova do t\u00eb b\u00ebhet sepse \u00ebsht\u00eb ngritur mbi shpatullat e gjigant\u00ebve"},"content":{"rendered":"<p>N\u00ebnkryetarja e Partis\u00eb Demokratike t\u00eb Kosov\u00ebs (PDK), Vlora \u00c7itaku, njoftoi n\u00ebp\u00ebrmjet nj\u00eb postimi n\u00eb \u201cFacebook\u201d p\u00ebr nj\u00eb vizit\u00eb t\u00eb realizuar n\u00eb Hag\u00eb t\u00eb Holand\u00ebs, ku takoi ish-presidentin kosovar, Hashim Tha\u00e7i, i cili q\u00eb nga viti 2020 \u00ebsht\u00eb n\u00eb burg n\u00ebn akuzat e Dhomave t\u00eb Specializuara t\u00eb Kosov\u00ebs (DHSK) p\u00ebr krime t\u00eb pretenduara gjat\u00eb luft\u00ebs s\u00eb fundit n\u00eb Kosov\u00eb.<\/p>\n<p><em>\u201cN\u00eb korridoret e pafundme t\u00eb burgut n\u00eb Hag\u00eb, atmosfera \u00ebsht\u00eb e zymt\u00eb dhe e ftoht\u00eb. M\u00eb irritojn\u00eb zhurmat e dyerve t\u00eb hekurta q\u00eb hapen nj\u00ebra pas tjetr\u00ebs. Sikur duan t\u00eb ma p\u00ebrplasin fytyr\u00ebs: k\u00ebtu \u00ebsht\u00eb e burgosur nj\u00eb pjes\u00eb e historis\u00eb dhe lavdis\u00eb s\u00eb Kosov\u00ebs!\u201d<\/em>, nis rr\u00ebfimin \u00c7itaku, derisa tregon p\u00ebr bised\u00ebn q\u00eb zhvilloi me ish-kreun e Ushtris\u00eb \u00c7lirimtare t\u00eb Kosov\u00ebs (U\u00c7K).<\/p>\n<p><em>\u201cPamja, disponimi dhe humori i Presidentit ishte pik\u00ebrisht ai q\u00eb prisja t\u00eb shihja. N\u00eb 25 vjetorin e \u00e7lirimit, flasim p\u00ebr t\u00eb kaluar\u00ebn, betejat e panum\u00ebrta, q\u00eb ai dhe shok\u00ebt e tij i zhvilluan n\u00eb p\u00ebrpjekjet p\u00ebr liri. Kujtojm\u00eb sakrificat e popullit ton\u00eb, gjakun e derdhur t\u00eb d\u00ebshmor\u00ebve dhe martir\u00ebve. T\u00eb qindra f\u00ebmij\u00ebve \u2013 \u00ebndrrat e t\u00eb cil\u00ebve u pren\u00eb n\u00eb gjysm\u00eb nga nj\u00eb regjim gjenocidal\u201d<\/em>.<\/p>\n<p><em>\u201cBiseda kthehet n\u00eb t\u00eb tashmen. P\u00ebrkund\u00ebr sfidave, Presidenti natyrisht, si gjithmon\u00eb, flet me bindje p\u00ebr t\u00eb ardhmen e ndritur t\u00eb Kosov\u00ebs. Vizioni i tij mbetet i qart\u00eb. Besimi i tij n\u00eb popullin ton\u00eb, i pal\u00ebkundur. Pavar\u00ebsisht hekurave, shpresa dhe aura e tij m\u00eb mbushin frym\u00ebzim\u201d<\/em>, shton \u00c7itaku.<\/p>\n<div class=\"iframe-container\">\n<p><a href=\"https:\/\/track.adform.net\/C\/?bn=73199340;C=0\" target=\"_blank\" rel=\"noopener\"><\/p>\n<p><img loading=\"lazy\" decoding=\"async\" src=\"https:\/\/track.adform.net\/adfserve\/?bn=73199340;srctype=4;ord=%5Btimestamp%5D\" border=\"0\" width=\"300\" height=\"250\" alt=\"\"><\/p>\n<p><\/a><\/p><\/div>\n<p>N\u00ebnkryetarja e PDK-s\u00eb \u2018zbulon\u2019 komb\u00ebtaren p\u00ebr t\u00eb cil\u00ebn b\u00ebn tifo ish-presidenti Tha\u00e7i n\u00eb kapionatin evropian Euro 2024 t\u00eb futbollit: <em>\u201cM\u00eb tregoi q\u00eb po e p\u00ebrcjell\u00eb aq sa mundet e kur po ka koh\u00eb. E pyeta k\u00ebnd po e mb\u00ebshtet\u00eb? Dihet, m\u00eb tha\u201d \u2013 <\/em>kjo <em>\u201cdihet\u201d <\/em>duket t\u00eb jet\u00eb referenc\u00eb p\u00ebr Shqip\u00ebrin\u00eb.<\/p>\n<p><em>\u201cKoha kalon shum\u00eb shpejt. Derisa p\u00ebrgatitem t\u00eb largohem, n\u00eb q\u00ebndrimin e Presidentit nuk shoh nj\u00eb t\u00eb burgosur. E shoh nj\u00eb burr\u00ebshtetas, trash\u00ebgimia e t\u00eb cilit nuk mund t\u00eb njolloset nga askush dhe asgj\u00eb\u2026 Kosova do t\u00eb b\u00ebhet \u2013 sepse \u00ebsht\u00eb ngritur mbi shpatullat e gjigant\u00ebve. Presidenti Tha\u00e7i m\u00eb la edhe nj\u00eb her\u00eb me nj\u00eb t\u00eb v\u00ebrtet\u00eb t\u00eb pamohueshme: Dielli do t\u00eb lind p\u00ebrs\u00ebri!\u201d.<\/em><\/p>\n<p>Ndryshe, ish-presidenti i Kosov\u00ebs dhe ish-luft\u00ebtar\u00ebt tjer\u00eb t\u00eb luft\u00ebs \u00e7lirimtare akuzohen nga e Zyra e Prokurorit t\u00eb Specializuar (ZPS) p\u00ebr vrasje t\u00eb pretenduara, tortur\u00eb e trajtim mizor n\u00eb periudh\u00ebn midis viteve 1998\u20131999, nd\u00ebrsa procesi gjyq\u00ebsor ndaj ish-krer\u00ebve t\u00eb U\u00c7K-s\u00eb nisi m\u00eb 3 prill 2023.<\/p>\n<p>The post <a rel=\"nofollow\" href=\"https:\/\/albanianpost.com\/citaku-viziton-thacin-ne-hage-kosova-do-te-behet-sepse-eshte-ngritur-mbi-shpatullat-e-gjiganteve\/\">\u00c7itaku viziton Tha\u00e7in n\u00eb Hag\u00eb: Kosova do t\u00eb b\u00ebhet sepse \u00ebsht\u00eb ngritur mbi shpatullat e gjigant\u00ebve<\/a> appeared first on <a rel=\"nofollow\" href=\"https:\/\/albanianpost.com\/\">Albanian Post<\/a>.<\/p>\n","protected":false},"excerpt":{"rendered":"<p>N\u00ebnkryetarja e Partis\u00eb Demokratike t\u00eb Kosov\u00ebs (PDK), Vlora \u00c7itaku, njoftoi n\u00ebp\u00ebrmjet nj\u00eb postimi n\u00eb \u201cFacebook\u201d p\u00ebr nj\u00eb vizit\u00eb t\u00eb realizuar n\u00eb Hag\u00eb t\u00eb Holand\u00ebs, ku takoi ish-presidentin kosovar, Hashim Tha\u00e7i, i cili q\u00eb nga viti 2020 \u00ebsht\u00eb n\u00eb burg n\u00ebn akuzat e Dhomave t\u00eb Specializuara t\u00eb Kosov\u00ebs (DHSK) p\u00ebr krime t\u00eb pretenduara gjat\u00eb luft\u00ebs s\u00eb [&hellip;]<\/p>\n","protected":false},"author":1,"featured_media":5171,"comment_status":"open","ping_status":"open","sticky":false,"template":"","format":"standard","meta":{"footnotes":""},"categories":[1],"tags":[],"class_list":["post-5170","post","type-post","status-publish","format-standard","has-post-thumbnail","hentry","category-uncategorized"],"_links":{"self":[{"href":"https:\/\/radiogjilani.com\/index.php\/wp-json\/wp\/v2\/posts\/5170","targetHints":{"allow":["GET"]}}],"collection":[{"href":"https:\/\/radiogjilani.com\/index.php\/wp-json\/wp\/v2\/posts"}],"about":[{"href":"https:\/\/radiogjilani.com\/index.php\/wp-json\/wp\/v2\/types\/post"}],"author":[{"embeddable":true,"href":"https:\/\/radiogjilani.com\/index.php\/wp-json\/wp\/v2\/users\/1"}],"replies":[{"embeddable":true,"href":"https:\/\/radiogjilani.com\/index.php\/wp-json\/wp\/v2\/comments?post=5170"}],"version-history":[{"count":0,"href":"https:\/\/radiogjilani.com\/index.php\/wp-json\/wp\/v2\/posts\/5170\/revisions"}],"wp:featuredmedia":[{"embeddable":true,"href":"https:\/\/radiogjilani.com\/index.php\/wp-json\/wp\/v2\/media\/5171"}],"wp:attachment":[{"href":"https:\/\/radiogjilani.com\/index.php\/wp-json\/wp\/v2\/media?parent=5170"}],"wp:term":[{"taxonomy":"category","embeddable":true,"href":"https:\/\/radiogjilani.com\/index.php\/wp-json\/wp\/v2\/categories?post=5170"},{"taxonomy":"post_tag","embeddable":true,"href":"https:\/\/radiogjilani.com\/index.php\/wp-json\/wp\/v2\/tags?post=5170"}],"curies":[{"name":"wp","href":"https:\/\/api.w.org\/{rel}","templated":true}]}}