{"id":5202,"date":"2024-06-21T18:22:51","date_gmt":"2024-06-21T18:22:51","guid":{"rendered":"https:\/\/radiogjilani.com\/index.php\/2024\/06\/21\/fsk-ja-realizon-trajnim-me-ushtrine-amerikane-per-ngritje-te-kapaciteteve-te-artilerise\/"},"modified":"2024-06-21T18:22:51","modified_gmt":"2024-06-21T18:22:51","slug":"fsk-ja-realizon-trajnim-me-ushtrine-amerikane-per-ngritje-te-kapaciteteve-te-artilerise","status":"publish","type":"post","link":"https:\/\/radiogjilani.com\/index.php\/2024\/06\/21\/fsk-ja-realizon-trajnim-me-ushtrine-amerikane-per-ngritje-te-kapaciteteve-te-artilerise\/","title":{"rendered":"FSK-ja realizon trajnim me ushtrin\u00eb amerikane p\u00ebr ngritje t\u00eb kapaciteteve t\u00eb artileris\u00eb"},"content":{"rendered":"<p>Forca e Siguris\u00eb s\u00eb Kosov\u00ebs (FSK), \u00ebsht\u00eb trajnuar gjat\u00eb k\u00ebtyre dit\u00ebve nga ekipi i Security Assistence Training Menagment Organization (SATMO), e ushtris\u00eb amerikane p\u00ebr mortaja.<\/p>\n<p>Trajnimin e ka b\u00ebr\u00eb t\u00eb ditur ministri i Mbrojtjes, Ejup Maqedonci, p\u00ebrmes nj\u00eb shkrimi n\u00eb <a href=\"https:\/\/www.facebook.com\/ejup.maqedonci1\/posts\/pfbid0Wuk7wrdz4nUeMjMK7Y9eo5GZZtsSVMdA3iJr1zsYoRfqPXp3SJgrhcLzwzje5hkJl\">rrjetin social \u2018Facebook\u2019.<\/a><\/p>\n<p>\u201cN\u00eb kuad\u00ebr t\u00eb bashk\u00ebpunimit bilateral me partnerin ton\u00eb strategjik, Shtete e Bashkuara t\u00eb Amerik\u00ebs nj\u00eb ekip mobil nga Security Assistence Training Menagment Organization (SATMO) e ushtris\u00eb Amerikane ka realizuar trajnimin me mortaja p\u00ebr pjes\u00ebtar\u00ebt e FSK-s\u00eb, pjesa teorike \u00ebsht\u00eb realizuar n\u00eb Komand\u00ebn e Doktrin\u00ebs dhe St\u00ebrvitjes n\u00eb Ferizaj dhe pjesa praktike n\u00eb poligonin n\u00eb Melle t\u00eb Republik\u00ebs s\u00eb Shqip\u00ebris\u00eb\u201d, ka shkruar ai.<\/p>\n<p>Teksa ka treguar edhe q\u00ebllimet e k\u00ebtij trajnimi.<\/p>\n<div class=\"iframe-container\">\n<p><a href=\"https:\/\/track.adform.net\/C\/?bn=73199340;C=0\" target=\"_blank\" rel=\"noopener\"><\/p>\n<p><img loading=\"lazy\" decoding=\"async\" src=\"https:\/\/track.adform.net\/adfserve\/?bn=73199340;srctype=4;ord=%5Btimestamp%5D\" border=\"0\" width=\"300\" height=\"250\" alt=\"\"><\/p>\n<p><\/a><\/p><\/div>\n<p>\u201cNgritja e kapaciteteve t\u00eb artileris\u00eb, avancimin e operimit me sistemet e armatimit, ngritja e aft\u00ebsive taktike, rritjen e sakt\u00ebsis\u00eb n\u00eb objektivat e qitjes me q\u00ebllim ngritjen profesionale t\u00eb pjes\u00ebtareve te FSK-s\u00eb\u201d.<\/p>\n<p><a href=\"https:\/\/albanianpost.com\/fsk-pjese-e-ushtrimeve-nderkombetare-efes-2024\/\"><strong>M\u00eb 11 maj,<\/strong><\/a>\u00a0Forca e Siguris\u00eb s\u00eb Kosov\u00ebs, gjegj\u00ebsisht Kontingjenti nga Regjimenti i tret\u00eb i K\u00ebmb\u00ebsoris\u00eb, kishte njoftuar se do t\u00eb jet\u00eb pjes\u00ebmarr\u00ebs n\u00eb ushtrimin nd\u00ebrkomb\u00ebtar \u201cWfes 2024\u201d q\u00eb po organizohej n\u00eb Turqi, ku m\u00eb pas kishte njoftuar se i nj\u00ebjti \u00ebsht\u00eb p\u00ebrfunduar me sukses.<\/p>\n<p>FSK, njoftoi se ushtrimi n\u00eb fjal\u00eb kishte p\u00ebr q\u00ebllim prezantimin e aft\u00ebsive dhe kapaciteteve t\u00eb forcave pjes\u00ebmarr\u00ebse t\u00eb shteteve t\u00eb ndryshme t\u00eb koordinuara dhe harmonizuara p\u00ebr misione t\u00eb p\u00ebrbashk\u00ebta paq\u00ebsore dhe nd\u00ebrveprueshm\u00ebrin\u00eb n\u00eb mes tyre.<\/p>\n<p>The post <a rel=\"nofollow\" href=\"https:\/\/albanianpost.com\/fsk-ja-realizon-trajnim-me-ushtrine-amerikane-per-ngritje-te-kapaciteteve-te-artilerise\/\">FSK-ja realizon trajnim me ushtrin\u00eb amerikane p\u00ebr ngritje t\u00eb kapaciteteve t\u00eb artileris\u00eb<\/a> appeared first on <a rel=\"nofollow\" href=\"https:\/\/albanianpost.com\/\">Albanian Post<\/a>.<\/p>\n","protected":false},"excerpt":{"rendered":"<p>Forca e Siguris\u00eb s\u00eb Kosov\u00ebs (FSK), \u00ebsht\u00eb trajnuar gjat\u00eb k\u00ebtyre dit\u00ebve nga ekipi i Security Assistence Training Menagment Organization (SATMO), e ushtris\u00eb amerikane p\u00ebr mortaja. Trajnimin e ka b\u00ebr\u00eb t\u00eb ditur ministri i Mbrojtjes, Ejup Maqedonci, p\u00ebrmes nj\u00eb shkrimi n\u00eb rrjetin social \u2018Facebook\u2019. \u201cN\u00eb kuad\u00ebr t\u00eb bashk\u00ebpunimit bilateral me partnerin ton\u00eb strategjik, Shtete e Bashkuara [&hellip;]<\/p>\n","protected":false},"author":1,"featured_media":5203,"comment_status":"open","ping_status":"open","sticky":false,"template":"","format":"standard","meta":{"footnotes":""},"categories":[1],"tags":[],"class_list":["post-5202","post","type-post","status-publish","format-standard","has-post-thumbnail","hentry","category-uncategorized"],"_links":{"self":[{"href":"https:\/\/radiogjilani.com\/index.php\/wp-json\/wp\/v2\/posts\/5202","targetHints":{"allow":["GET"]}}],"collection":[{"href":"https:\/\/radiogjilani.com\/index.php\/wp-json\/wp\/v2\/posts"}],"about":[{"href":"https:\/\/radiogjilani.com\/index.php\/wp-json\/wp\/v2\/types\/post"}],"author":[{"embeddable":true,"href":"https:\/\/radiogjilani.com\/index.php\/wp-json\/wp\/v2\/users\/1"}],"replies":[{"embeddable":true,"href":"https:\/\/radiogjilani.com\/index.php\/wp-json\/wp\/v2\/comments?post=5202"}],"version-history":[{"count":0,"href":"https:\/\/radiogjilani.com\/index.php\/wp-json\/wp\/v2\/posts\/5202\/revisions"}],"wp:featuredmedia":[{"embeddable":true,"href":"https:\/\/radiogjilani.com\/index.php\/wp-json\/wp\/v2\/media\/5203"}],"wp:attachment":[{"href":"https:\/\/radiogjilani.com\/index.php\/wp-json\/wp\/v2\/media?parent=5202"}],"wp:term":[{"taxonomy":"category","embeddable":true,"href":"https:\/\/radiogjilani.com\/index.php\/wp-json\/wp\/v2\/categories?post=5202"},{"taxonomy":"post_tag","embeddable":true,"href":"https:\/\/radiogjilani.com\/index.php\/wp-json\/wp\/v2\/tags?post=5202"}],"curies":[{"name":"wp","href":"https:\/\/api.w.org\/{rel}","templated":true}]}}