{"id":5206,"date":"2024-06-21T18:22:49","date_gmt":"2024-06-21T18:22:49","guid":{"rendered":"https:\/\/radiogjilani.com\/index.php\/2024\/06\/21\/aak-ja-thote-se-do-ti-rrite-pagat-e-punetoreve-te-arsimit-per-50-per-qind\/"},"modified":"2024-06-21T18:22:49","modified_gmt":"2024-06-21T18:22:49","slug":"aak-ja-thote-se-do-ti-rrite-pagat-e-punetoreve-te-arsimit-per-50-per-qind","status":"publish","type":"post","link":"https:\/\/radiogjilani.com\/index.php\/2024\/06\/21\/aak-ja-thote-se-do-ti-rrite-pagat-e-punetoreve-te-arsimit-per-50-per-qind\/","title":{"rendered":"AAK-ja thot\u00eb se do t\u2019i rrit\u00eb pagat e pun\u00ebtor\u00ebve t\u00eb arsimit p\u00ebr 50 p\u00ebr qind"},"content":{"rendered":"<p>Aleanca p\u00ebr Ardhm\u00ebrin\u00eb e Kosov\u00ebs (AAK), ka premtuar rritje t\u00eb pagave p\u00ebr pun\u00ebtor\u00ebt e arsimit n\u00eb t\u00eb gjitha nivelet p\u00ebr 50 p\u00ebr qind.<\/p>\n<p>P\u00ebrmes njoftimit p\u00ebr media nga AAK-ja ka th\u00ebn\u00eb se sistemi arsimor i Kosov\u00ebs, e determinojn\u00eb nj\u00eb reform\u00eb thelb\u00ebsore t\u00eb k\u00ebtij sektori.<\/p>\n<p>\u201cRritja e buxhetit p\u00ebr Arsim n\u00eb 6% t\u00eb GDP-s\u00eb, rritja e pag\u00ebs p\u00ebr pun\u00ebtor\u00ebt e arsimit n\u00eb t\u00eb gjitha nivelet p\u00ebr 50%, p\u00ebrmir\u00ebsimi i infrastruktur\u00ebs fizike duke u p\u00ebrshtatur me kriteret bashk\u00ebkohore, trajtimi n\u00eb m\u00ebnyr\u00eb t\u00eb barabart\u00eb t\u00eb universiteve publike dhe private p\u00ebrmes monitorimit t\u00eb performanc\u00ebs\u201d.<\/p>\n<p>\u201cProfilizimi i institucioneve t\u00eb arsimit t\u00eb lart\u00eb dhe pavar\u00ebsimi financiar i tyre; Tekste falas p\u00ebr arsimin para universitar, arsimi gjith\u00ebp\u00ebrfshir\u00ebs dhe garantimi i kuadrit profesional p\u00ebr f\u00ebmij\u00ebt me nevoja t\u00eb ve\u00e7anta, rregullimi me ligj i arsimit plot\u00ebsues n\u00eb diaspor\u00eb\u201d, \u00ebsht\u00eb th\u00ebn\u00eb nga AAK-ja.<\/p>\n<div class=\"iframe-container\">\n<p><a href=\"https:\/\/track.adform.net\/C\/?bn=73199340;C=0\" target=\"_blank\" rel=\"noopener\"><\/p>\n<p><img loading=\"lazy\" decoding=\"async\" src=\"https:\/\/track.adform.net\/adfserve\/?bn=73199340;srctype=4;ord=%5Btimestamp%5D\" border=\"0\" width=\"300\" height=\"250\" alt=\"\"><\/p>\n<p><\/a><\/p><\/div>\n<p>N\u00eb kuad\u00ebr t\u00eb k\u00ebsaj nga kjo parti \u00ebsht\u00eb th\u00ebn\u00eb se do t\u00eb organizohen edhe trajnime p\u00ebr m\u00ebsimdh\u00ebn\u00ebsit falas.<\/p>\n<p>\u201cNegocim i kontrat\u00ebs s\u00eb re kolektive me sindikatat e arsimit dhe pal\u00ebt tjera t\u00eb interesit. Trajnimet e vazhdueshme falas p\u00ebr t\u00eb gjith\u00eb m\u00ebsimdh\u00ebn\u00ebsit, certifikimi dhe akreditimi i instituteve shkencore dhe krijimi i mund\u00ebsis\u00eb p\u00ebr gjenerimin e t\u00eb hyrave vetanake\u201d.<\/p>\n<p>\u201cRritje t\u00eb siguris\u00eb n\u00eb shkolla, mb\u00ebshtetje t\u00eb programeve p\u00ebr arsimin profesional sipas nevojave t\u00eb tregut\u201d.<\/p>\n<p><a href=\"https:\/\/albanianpost.com\/aak-ja-premton-mbi-1-mije-euro-page-mesatare-ne-sektorin-publik-450-euro-page-minimale\/\">M\u00eb 18 qershor<\/a>, grupi p\u00ebr hartimin e Programit Zgjedhor t\u00eb AAK-s\u00eb ka propozuar q\u00eb paga mesatare n\u00eb sektorin publik mbi 1 mij\u00eb euro, nd\u00ebrsa paga minimale 450 euro.<\/p>\n<p>The post <a rel=\"nofollow\" href=\"https:\/\/albanianpost.com\/aak-ja-thote-se-do-ti-rrite-pagat-e-punetoreve-te-arsimit-per-50-per-qind\/\">AAK-ja thot\u00eb se do t\u2019i rrit\u00eb pagat e pun\u00ebtor\u00ebve t\u00eb arsimit p\u00ebr 50 p\u00ebr qind<\/a> appeared first on <a rel=\"nofollow\" href=\"https:\/\/albanianpost.com\/\">Albanian Post<\/a>.<\/p>\n","protected":false},"excerpt":{"rendered":"<p>Aleanca p\u00ebr Ardhm\u00ebrin\u00eb e Kosov\u00ebs (AAK), ka premtuar rritje t\u00eb pagave p\u00ebr pun\u00ebtor\u00ebt e arsimit n\u00eb t\u00eb gjitha nivelet p\u00ebr 50 p\u00ebr qind. P\u00ebrmes njoftimit p\u00ebr media nga AAK-ja ka th\u00ebn\u00eb se sistemi arsimor i Kosov\u00ebs, e determinojn\u00eb nj\u00eb reform\u00eb thelb\u00ebsore t\u00eb k\u00ebtij sektori. \u201cRritja e buxhetit p\u00ebr Arsim n\u00eb 6% t\u00eb GDP-s\u00eb, rritja e [&hellip;]<\/p>\n","protected":false},"author":1,"featured_media":5207,"comment_status":"open","ping_status":"open","sticky":false,"template":"","format":"standard","meta":{"footnotes":""},"categories":[1],"tags":[],"class_list":["post-5206","post","type-post","status-publish","format-standard","has-post-thumbnail","hentry","category-uncategorized"],"_links":{"self":[{"href":"https:\/\/radiogjilani.com\/index.php\/wp-json\/wp\/v2\/posts\/5206","targetHints":{"allow":["GET"]}}],"collection":[{"href":"https:\/\/radiogjilani.com\/index.php\/wp-json\/wp\/v2\/posts"}],"about":[{"href":"https:\/\/radiogjilani.com\/index.php\/wp-json\/wp\/v2\/types\/post"}],"author":[{"embeddable":true,"href":"https:\/\/radiogjilani.com\/index.php\/wp-json\/wp\/v2\/users\/1"}],"replies":[{"embeddable":true,"href":"https:\/\/radiogjilani.com\/index.php\/wp-json\/wp\/v2\/comments?post=5206"}],"version-history":[{"count":0,"href":"https:\/\/radiogjilani.com\/index.php\/wp-json\/wp\/v2\/posts\/5206\/revisions"}],"wp:featuredmedia":[{"embeddable":true,"href":"https:\/\/radiogjilani.com\/index.php\/wp-json\/wp\/v2\/media\/5207"}],"wp:attachment":[{"href":"https:\/\/radiogjilani.com\/index.php\/wp-json\/wp\/v2\/media?parent=5206"}],"wp:term":[{"taxonomy":"category","embeddable":true,"href":"https:\/\/radiogjilani.com\/index.php\/wp-json\/wp\/v2\/categories?post=5206"},{"taxonomy":"post_tag","embeddable":true,"href":"https:\/\/radiogjilani.com\/index.php\/wp-json\/wp\/v2\/tags?post=5206"}],"curies":[{"name":"wp","href":"https:\/\/api.w.org\/{rel}","templated":true}]}}