{"id":5256,"date":"2024-06-22T19:19:46","date_gmt":"2024-06-22T19:19:46","guid":{"rendered":"https:\/\/radiogjilani.com\/index.php\/2024\/06\/22\/serbia-e-vlereson-si-pozitiv-faktin-qe-kosova-i-ktheu-mbetjet-e-tre-trupave-te-vrare-gjate-luftes\/"},"modified":"2024-06-22T19:19:46","modified_gmt":"2024-06-22T19:19:46","slug":"serbia-e-vlereson-si-pozitiv-faktin-qe-kosova-i-ktheu-mbetjet-e-tre-trupave-te-vrare-gjate-luftes","status":"publish","type":"post","link":"https:\/\/radiogjilani.com\/index.php\/2024\/06\/22\/serbia-e-vlereson-si-pozitiv-faktin-qe-kosova-i-ktheu-mbetjet-e-tre-trupave-te-vrare-gjate-luftes\/","title":{"rendered":"Serbia e vler\u00ebson si pozitiv faktin q\u00eb Kosova i ktheu mbetjet e tre trupave t\u00eb vrar\u00eb gjat\u00eb luft\u00ebs"},"content":{"rendered":"<p>Kreu i Komisionit t\u00eb Qeveris\u00eb s\u00eb Serbis\u00eb p\u00ebr Personat e Zhdukur, Veljko Odalovic, ka deklaruar sot se \u00ebsht\u00eb nj\u00eb zhvillim pozitiv q\u00eb Kosova ka identifikuar dhe ka kthyer trupat e tre serb\u00ebve, zhdukja e t\u00eb cil\u00ebve ishte raportuar q\u00eb n\u00eb vitin 1999. Odalovic ka th\u00ebn\u00eb se shpreson q\u00eb kjo do t\u00eb intensifikoj\u00eb procesin e identifikimit t\u00eb personave t\u00eb zhdukur, pasi sipas tij \u201cn\u00eb morgun e Prishtin\u00ebs ende ka&#8230;<\/p>\n<p><a href=\"https:\/\/ekonomiaonline.com\/serbia-e-vlereson-si-pozitiv-faktin-qe-kosova-i-ktheu-mbetjet-e-tre-trupave-te-vrare-gjate-luftes\/\" rel=\"nofollow\">Source<\/a><\/p>\n","protected":false},"excerpt":{"rendered":"<p>Kreu i Komisionit t\u00eb Qeveris\u00eb s\u00eb Serbis\u00eb p\u00ebr Personat e Zhdukur, Veljko Odalovic, ka deklaruar sot se \u00ebsht\u00eb nj\u00eb zhvillim pozitiv q\u00eb Kosova ka identifikuar dhe ka kthyer trupat e tre serb\u00ebve, zhdukja e t\u00eb cil\u00ebve ishte raportuar q\u00eb n\u00eb vitin 1999. Odalovic ka th\u00ebn\u00eb se shpreson q\u00eb kjo do t\u00eb intensifikoj\u00eb procesin e identifikimit [&hellip;]<\/p>\n","protected":false},"author":1,"featured_media":5257,"comment_status":"open","ping_status":"open","sticky":false,"template":"","format":"standard","meta":{"footnotes":""},"categories":[19],"tags":[],"class_list":["post-5256","post","type-post","status-publish","format-standard","has-post-thumbnail","hentry","category-eko"],"_links":{"self":[{"href":"https:\/\/radiogjilani.com\/index.php\/wp-json\/wp\/v2\/posts\/5256","targetHints":{"allow":["GET"]}}],"collection":[{"href":"https:\/\/radiogjilani.com\/index.php\/wp-json\/wp\/v2\/posts"}],"about":[{"href":"https:\/\/radiogjilani.com\/index.php\/wp-json\/wp\/v2\/types\/post"}],"author":[{"embeddable":true,"href":"https:\/\/radiogjilani.com\/index.php\/wp-json\/wp\/v2\/users\/1"}],"replies":[{"embeddable":true,"href":"https:\/\/radiogjilani.com\/index.php\/wp-json\/wp\/v2\/comments?post=5256"}],"version-history":[{"count":0,"href":"https:\/\/radiogjilani.com\/index.php\/wp-json\/wp\/v2\/posts\/5256\/revisions"}],"wp:featuredmedia":[{"embeddable":true,"href":"https:\/\/radiogjilani.com\/index.php\/wp-json\/wp\/v2\/media\/5257"}],"wp:attachment":[{"href":"https:\/\/radiogjilani.com\/index.php\/wp-json\/wp\/v2\/media?parent=5256"}],"wp:term":[{"taxonomy":"category","embeddable":true,"href":"https:\/\/radiogjilani.com\/index.php\/wp-json\/wp\/v2\/categories?post=5256"},{"taxonomy":"post_tag","embeddable":true,"href":"https:\/\/radiogjilani.com\/index.php\/wp-json\/wp\/v2\/tags?post=5256"}],"curies":[{"name":"wp","href":"https:\/\/api.w.org\/{rel}","templated":true}]}}