{"id":5344,"date":"2024-06-23T19:19:36","date_gmt":"2024-06-23T19:19:36","guid":{"rendered":"https:\/\/radiogjilani.com\/index.php\/2024\/06\/23\/shqiperia-digjet-nga-i-nxehti-por-ne-erseke-nis-bresheri\/"},"modified":"2024-06-23T19:19:36","modified_gmt":"2024-06-23T19:19:36","slug":"shqiperia-digjet-nga-i-nxehti-por-ne-erseke-nis-bresheri","status":"publish","type":"post","link":"https:\/\/radiogjilani.com\/index.php\/2024\/06\/23\/shqiperia-digjet-nga-i-nxehti-por-ne-erseke-nis-bresheri\/","title":{"rendered":"Shqip\u00ebria \u2018digjet\u2019 nga i nxehti, por n\u00eb Ersek\u00eb nis bresh\u00ebri"},"content":{"rendered":"<p>Shqip\u00ebria \u00ebsht\u00eb p\u00ebrfshir\u00eb dit\u00ebt e fundit nga nj\u00eb val\u00eb e gjer\u00eb e t\u00eb nxehtit afrikan, duke u p\u00ebrballur me temperatura tep\u00ebr t\u00eb larta.<\/p>\n<p>Por \u00e7udia ka ndodhur n\u00eb disa zona t\u00eb Ersek\u00ebs, ku pavar\u00ebsisht temperaturave, p\u00ebr disa minuta, banor\u00ebt aty jan\u00eb p\u00ebrballur me reshje t\u00eb dendura bresh\u00ebri.<\/p>\n<p>Konkretisht zonat q\u00eb jan\u00eb prekur m\u00eb shum\u00eb nga bresh\u00ebri jan\u00eb rr\u00ebz\u00eb malit t\u00eb Gramozit, n\u00eb Rehov\u00eb, Starje dhe Prodan.<\/p>\n<p>Sipas banor\u00ebve t\u00eb zonave, reshjet nuk zgjat\u00ebn m\u00eb shum\u00eb se 20 minuta, por shprehen gjithashtu se bresh\u00ebri mund t\u00eb ket\u00eb shkaktuar d\u00ebme n\u00eb pem\u00ebt frutore. Grupet e pun\u00ebs nd\u00ebrkaq do t\u00eb zbresin n\u00eb terren dit\u00ebn e h\u00ebn\u00eb p\u00ebr t\u00eb evidentuar d\u00ebmet.<\/p>\n<div class=\"iframe-container\">\n<p><a href=\"https:\/\/track.adform.net\/C\/?bn=73199340;C=0\" target=\"_blank\" rel=\"noopener\"><\/p>\n<p><img loading=\"lazy\" decoding=\"async\" src=\"https:\/\/track.adform.net\/adfserve\/?bn=73199340;srctype=4;ord=%5Btimestamp%5D\" border=\"0\" width=\"300\" height=\"250\" alt=\"\"><\/p>\n<p><\/a><\/p><\/div>\n<p>The post <a rel=\"nofollow\" href=\"https:\/\/albanianpost.com\/shqiperia-digjet-nga-i-nxehti-por-ne-erseke-nis-bresheri\/\">Shqip\u00ebria \u2018digjet\u2019 nga i nxehti, por n\u00eb Ersek\u00eb nis bresh\u00ebri<\/a> appeared first on <a rel=\"nofollow\" href=\"https:\/\/albanianpost.com\/\">Albanian Post<\/a>.<\/p>\n","protected":false},"excerpt":{"rendered":"<p>Shqip\u00ebria \u00ebsht\u00eb p\u00ebrfshir\u00eb dit\u00ebt e fundit nga nj\u00eb val\u00eb e gjer\u00eb e t\u00eb nxehtit afrikan, duke u p\u00ebrballur me temperatura tep\u00ebr t\u00eb larta. Por \u00e7udia ka ndodhur n\u00eb disa zona t\u00eb Ersek\u00ebs, ku pavar\u00ebsisht temperaturave, p\u00ebr disa minuta, banor\u00ebt aty jan\u00eb p\u00ebrballur me reshje t\u00eb dendura bresh\u00ebri. Konkretisht zonat q\u00eb jan\u00eb prekur m\u00eb shum\u00eb nga [&hellip;]<\/p>\n","protected":false},"author":1,"featured_media":5345,"comment_status":"open","ping_status":"open","sticky":false,"template":"","format":"standard","meta":{"footnotes":""},"categories":[1],"tags":[],"class_list":["post-5344","post","type-post","status-publish","format-standard","has-post-thumbnail","hentry","category-uncategorized"],"_links":{"self":[{"href":"https:\/\/radiogjilani.com\/index.php\/wp-json\/wp\/v2\/posts\/5344","targetHints":{"allow":["GET"]}}],"collection":[{"href":"https:\/\/radiogjilani.com\/index.php\/wp-json\/wp\/v2\/posts"}],"about":[{"href":"https:\/\/radiogjilani.com\/index.php\/wp-json\/wp\/v2\/types\/post"}],"author":[{"embeddable":true,"href":"https:\/\/radiogjilani.com\/index.php\/wp-json\/wp\/v2\/users\/1"}],"replies":[{"embeddable":true,"href":"https:\/\/radiogjilani.com\/index.php\/wp-json\/wp\/v2\/comments?post=5344"}],"version-history":[{"count":0,"href":"https:\/\/radiogjilani.com\/index.php\/wp-json\/wp\/v2\/posts\/5344\/revisions"}],"wp:featuredmedia":[{"embeddable":true,"href":"https:\/\/radiogjilani.com\/index.php\/wp-json\/wp\/v2\/media\/5345"}],"wp:attachment":[{"href":"https:\/\/radiogjilani.com\/index.php\/wp-json\/wp\/v2\/media?parent=5344"}],"wp:term":[{"taxonomy":"category","embeddable":true,"href":"https:\/\/radiogjilani.com\/index.php\/wp-json\/wp\/v2\/categories?post=5344"},{"taxonomy":"post_tag","embeddable":true,"href":"https:\/\/radiogjilani.com\/index.php\/wp-json\/wp\/v2\/tags?post=5344"}],"curies":[{"name":"wp","href":"https:\/\/api.w.org\/{rel}","templated":true}]}}