{"id":5346,"date":"2024-06-23T19:19:35","date_gmt":"2024-06-23T19:19:35","guid":{"rendered":"https:\/\/radiogjilani.com\/index.php\/2024\/06\/23\/sylvinho-beson-deri-ne-fund-luajme-gjithcka-ne-90-minuta-ndaj-spanjes-do-te-japim-me-te-miren\/"},"modified":"2024-06-23T19:19:35","modified_gmt":"2024-06-23T19:19:35","slug":"sylvinho-beson-deri-ne-fund-luajme-gjithcka-ne-90-minuta-ndaj-spanjes-do-te-japim-me-te-miren","status":"publish","type":"post","link":"https:\/\/radiogjilani.com\/index.php\/2024\/06\/23\/sylvinho-beson-deri-ne-fund-luajme-gjithcka-ne-90-minuta-ndaj-spanjes-do-te-japim-me-te-miren\/","title":{"rendered":"Sylvinho beson deri n\u00eb fund: Luajm\u00eb gjith\u00e7ka n\u00eb 90 minuta ndaj Spanj\u00ebs, do t\u00eb japim m\u00eb t\u00eb mir\u00ebn"},"content":{"rendered":"<p>Tekniku i Komb\u00ebtares shqiptare t\u00eb futbollit, Sylvinho, beson deri n\u00eb fund te projekti i tij kuqezi dhe nuk p\u00ebrjashton n\u00eb asnj\u00eb \u00e7ast kualifikimin e mundsh\u00ebm p\u00ebrtej faz\u00ebs s\u00eb grupeve n\u00eb Euro 2024, pavar\u00ebsisht se p\u00ebrball\u00eb pritet nj\u00eb ekip si Spanja.<\/p>\n<p>Por, duke par\u00eb se kjo e fundit \u00ebsht\u00eb tashm\u00eb e kualifikuar si e para e grupit, ndoshta ka nj\u00eb rrug\u00eb p\u00ebr kuqezinjt\u00eb q\u00eb t\u00eb shpresojn\u00eb n\u00eb fitore dhe t\u00eb kalojn\u00eb m\u00eb tutje.<\/p>\n<p>Gjat\u00eb konferenc\u00ebs p\u00ebr shtyp n\u00eb vigjilje t\u00eb ndeshjes, Sylvinho foli p\u00ebr disa aspekte, duke nisur nga kompakt\u00ebsia e grupit dhe vendosm\u00ebria p\u00ebr t\u00eb dh\u00ebn\u00eb gjith\u00e7ka n\u00eb fush\u00eb p\u00ebr 90 minuta.<\/p>\n<p>\u201cSpanja ka lojtar\u00eb t\u00eb shpejt\u00eb, ka lojtar\u00eb t\u00eb mir\u00eb n\u00eb krah apo n\u00eb qend\u00ebr. Ata lejojn\u00eb shum\u00eb pak hap\u00ebsira. B\u00ebhet fjal\u00eb p\u00ebr nj\u00eb rival t\u00eb organizuar\u201d, theksoi fillimisht tekniku shqiptar.<\/p>\n<div class=\"iframe-container\">\n<p><a href=\"https:\/\/track.adform.net\/C\/?bn=73199340;C=0\" target=\"_blank\" rel=\"noopener\"><\/p>\n<p><img loading=\"lazy\" decoding=\"async\" src=\"https:\/\/track.adform.net\/adfserve\/?bn=73199340;srctype=4;ord=%5Btimestamp%5D\" border=\"0\" width=\"300\" height=\"250\" alt=\"\"><\/p>\n<p><\/a><\/p><\/div>\n<p>M\u00eb tej, ai vler\u00ebsoi edhe pun\u00ebn e trajnerit spanjoll, De la Fuente, i cili e ka \u00e7uar ekipin n\u00eb nj\u00eb nivel tjet\u00ebr.<\/p>\n<p>\u201cDe la Fuente ka b\u00ebr\u00eb nj\u00eb pun\u00eb t\u00eb mrekulleshme. Ata mbrohen dhe sulmojn\u00eb mir\u00eb. Gjat\u00eb kualifikueseve kan\u00eb humbur vet\u00ebm nj\u00eb ndeshje, at\u00eb ndaj Skocis\u00eb. Lojtar\u00ebt e mi kan\u00eb guxim, ne do t\u00eb futemi n\u00eb fush\u00eb p\u00ebr t\u00eb dh\u00ebn\u00eb maksimumin. \u00c7do gj\u00eb mund t\u00eb ndodh\u00eb, ne do t\u00eb shkojm\u00eb n\u00eb fush\u00eb p\u00ebr t\u00eb luajtur\u201d.<\/p>\n<p>N\u00eb t\u00ebr\u00ebsi nd\u00ebrkaq, ai \u00ebsht\u00eb treguar i lumtur p\u00ebr fushat\u00ebn e zhvilluar deri tani n\u00eb Euro 2024, duke th\u00ebn\u00eb se t\u00eb shumt\u00eb kan\u00eb qen\u00eb ata, t\u00eb cil\u00ebt kan\u00eb menduar se Shqip\u00ebria do t\u00eb p\u00ebsonte shum\u00eb gola dhe se ndeshja e fundit nuk do t\u00eb kishte r\u00ebnd\u00ebsi p\u00ebr kuqezinjt\u00eb.<\/p>\n<p>Por, nuk ndodhi k\u00ebshtu\u2026<\/p>\n<p>\u201cNe p\u00ebrfaq\u00ebsojm\u00eb vendin ton\u00eb, ne jemi t\u00eb lumtur q\u00eb jemi n\u00eb grupin e vdekjes. Jam i k\u00ebnaqur me lojtar\u00ebt e mi. K\u00ebt\u00eb ndeshje nuk do e harroj. \u00cbsht\u00eb ndeshje me r\u00ebnd\u00ebsi\u201d, vijoi ai m\u00eb tej.<\/p>\n<p>N\u00eb rast t\u00eb kalimit t\u00eb grupit, ai theksoi se kjo do t\u00eb ishte nj\u00eb k\u00ebnaq\u00ebsi e madhe, pasi vendi do t\u00eb p\u00ebrfaq\u00ebsohej n\u00eb 16 m\u00eb t\u00eb mirat e kontinentit.<\/p>\n<p>\u201cSpanja \u00ebsht\u00eb ekip i mir\u00eb, por ne do luajm\u00eb gjat\u00eb gjith\u00eb 90 minutave, n\u00ebse kalojm\u00eb tutje, do jet\u00eb di\u00e7ka e mir\u00eb. Do t\u00eb jet\u00eb mision i v\u00ebshtir\u00eb, por ne do t\u00eb b\u00ebjm\u00eb performanc\u00ebn ton\u00eb m\u00eb t\u00eb mir\u00eb\u201d, p\u00ebrforcoi Sylvinho.<\/p>\n<p>M\u00eb her\u00ebt, edhe kapiteni i ekipit, Berat Gjimshiti, ka th\u00ebn\u00eb se asgj\u00eb nuk \u00ebsht\u00eb e pamundur n\u00eb k\u00ebt\u00eb sip\u00ebrmarrje t\u00eb Komb\u00ebtares.<\/p>\n<p>Pavar\u00ebsisht se \u00ebsht\u00eb ndeshje e v\u00ebshtir\u00eb, ai garantoi se ekipi do t\u00eb p\u00ebrpiqet maksimalisht t\u00eb marr\u00eb rezultat ndaj Spanj\u00ebs.<\/p>\n<p>\u201cT\u00eb gjith\u00eb djemt\u00eb jan\u00eb gati. Gj\u00ebja m\u00eb e r\u00ebnd\u00ebsishme \u00ebsht\u00eb se jemi ende n\u00eb gar\u00eb dhe kemi ende shpresat tona. Shpresoj q\u00eb t\u00eb bezdisim Spanj\u00ebn\u201d, pohoi ai.<\/p>\n<p>Faktin se spanjoll\u00ebt mund t\u00eb luajn\u00eb me formacionin e dyt\u00eb gjithsesi, nuk e sheh si lajm q\u00eb avantazhin Shqip\u00ebrin\u00eb, pasi edhe formacioni i dyt\u00eb i Spanj\u00ebs, \u00ebsht\u00eb tejet i fort\u00eb.<\/p>\n<p>\u201cBesoj se e dim\u00eb se k\u00eb kemi p\u00ebrball\u00eb. Besoj se kjo \u00ebsht\u00eb gj\u00ebja m\u00eb e r\u00ebnd\u00ebsishme. Do luajm\u00eb sikur t\u00eb kishim p\u00ebrball\u00eb ekipin e par\u00eb\u201d, shtoi.<\/p>\n<p>Nd\u00ebrsa, n\u00eb mbyllje, e p\u00ebrforcoi faktin se ndeshja e nes\u00ebrme kund\u00ebr Spanj\u00ebs, ka m\u00eb shum\u00eb r\u00ebnd\u00ebsi se gjith\u00e7ka tjet\u00ebr.<\/p>\n<p>\u201cAsgj\u00eb nuk \u00ebsht\u00eb e pamundur. E dim\u00eb q\u00eb do jet\u00eb e v\u00ebshtir\u00eb, do kemi mund\u00ebsin\u00eb p\u00ebr t\u00eb treguar p\u00ebrse jemi k\u00ebtu\u201d, p\u00ebrmbylli kapiteni kuqezi.<\/p>\n<p>The post <a rel=\"nofollow\" href=\"https:\/\/albanianpost.com\/sylvinho-beson-deri-ne-fund-luajme-gjithcka-ne-90-minuta-ndaj-spanjes-do-te-japim-me-te-miren\/\">Sylvinho beson deri n\u00eb fund: Luajm\u00eb gjith\u00e7ka n\u00eb 90 minuta ndaj Spanj\u00ebs, do t\u00eb japim m\u00eb t\u00eb mir\u00ebn<\/a> appeared first on <a rel=\"nofollow\" href=\"https:\/\/albanianpost.com\/\">Albanian Post<\/a>.<\/p>\n","protected":false},"excerpt":{"rendered":"<p>Tekniku i Komb\u00ebtares shqiptare t\u00eb futbollit, Sylvinho, beson deri n\u00eb fund te projekti i tij kuqezi dhe nuk p\u00ebrjashton n\u00eb asnj\u00eb \u00e7ast kualifikimin e mundsh\u00ebm p\u00ebrtej faz\u00ebs s\u00eb grupeve n\u00eb Euro 2024, pavar\u00ebsisht se p\u00ebrball\u00eb pritet nj\u00eb ekip si Spanja. Por, duke par\u00eb se kjo e fundit \u00ebsht\u00eb tashm\u00eb e kualifikuar si e para e [&hellip;]<\/p>\n","protected":false},"author":1,"featured_media":5347,"comment_status":"open","ping_status":"open","sticky":false,"template":"","format":"standard","meta":{"footnotes":""},"categories":[1],"tags":[],"class_list":["post-5346","post","type-post","status-publish","format-standard","has-post-thumbnail","hentry","category-uncategorized"],"_links":{"self":[{"href":"https:\/\/radiogjilani.com\/index.php\/wp-json\/wp\/v2\/posts\/5346","targetHints":{"allow":["GET"]}}],"collection":[{"href":"https:\/\/radiogjilani.com\/index.php\/wp-json\/wp\/v2\/posts"}],"about":[{"href":"https:\/\/radiogjilani.com\/index.php\/wp-json\/wp\/v2\/types\/post"}],"author":[{"embeddable":true,"href":"https:\/\/radiogjilani.com\/index.php\/wp-json\/wp\/v2\/users\/1"}],"replies":[{"embeddable":true,"href":"https:\/\/radiogjilani.com\/index.php\/wp-json\/wp\/v2\/comments?post=5346"}],"version-history":[{"count":0,"href":"https:\/\/radiogjilani.com\/index.php\/wp-json\/wp\/v2\/posts\/5346\/revisions"}],"wp:featuredmedia":[{"embeddable":true,"href":"https:\/\/radiogjilani.com\/index.php\/wp-json\/wp\/v2\/media\/5347"}],"wp:attachment":[{"href":"https:\/\/radiogjilani.com\/index.php\/wp-json\/wp\/v2\/media?parent=5346"}],"wp:term":[{"taxonomy":"category","embeddable":true,"href":"https:\/\/radiogjilani.com\/index.php\/wp-json\/wp\/v2\/categories?post=5346"},{"taxonomy":"post_tag","embeddable":true,"href":"https:\/\/radiogjilani.com\/index.php\/wp-json\/wp\/v2\/tags?post=5346"}],"curies":[{"name":"wp","href":"https:\/\/api.w.org\/{rel}","templated":true}]}}