{"id":538,"date":"2024-04-03T14:30:22","date_gmt":"2024-04-03T14:30:22","guid":{"rendered":"https:\/\/radiogjilani.com\/index.php\/2024\/04\/03\/haxhiu-ka-nje-lajm-lidhur-me-pasurite-e-paluajtshme-ne-rastin-banjska\/"},"modified":"2024-04-03T14:30:22","modified_gmt":"2024-04-03T14:30:22","slug":"haxhiu-ka-nje-lajm-lidhur-me-pasurite-e-paluajtshme-ne-rastin-banjska","status":"publish","type":"post","link":"https:\/\/radiogjilani.com\/index.php\/2024\/04\/03\/haxhiu-ka-nje-lajm-lidhur-me-pasurite-e-paluajtshme-ne-rastin-banjska\/","title":{"rendered":"Haxhiu ka nj\u00eb lajm lidhur me pasurit\u00eb e paluajtshme n\u00eb rastin Banjska"},"content":{"rendered":"<p>Ministrja e Drejt\u00ebsis\u00eb, Albulena Haxhiu ka njoftuar se kan\u00eb nisur zbatimin e urdhrit ndalues p\u00ebrfundimtar me mas\u00eb t\u00eb p\u00ebrkohshme, lidhur me pasurit\u00eb e paluajtshme n\u00eb rastin Banjska. Ajo ka th\u00ebn\u00eb se Agjencia e Administrimit t\u00eb Pasuris\u00eb s\u00eb Sekuestruar dhe t\u00eb Konfiskuar ka nisur identifikimin e pasurive t\u00eb p\u00ebrmendura n\u00eb urdh\u00ebr, duke p\u00ebrfshir\u00eb edhe vil\u00ebn q\u00eb konsiderohet t\u00eb ket\u00eb qen\u00eb e kryeterroristit&#8230;<\/p>\n<p><a href=\"https:\/\/ekonomiaonline.com\/haxhiu-ka-nje-lajm-lidhur-me-pasurite-e-paluajtshme-ne-rastin-banjska\/\" rel=\"nofollow\">Source<\/a><\/p>\n","protected":false},"excerpt":{"rendered":"<p>Ministrja e Drejt\u00ebsis\u00eb, Albulena Haxhiu ka njoftuar se kan\u00eb nisur zbatimin e urdhrit ndalues p\u00ebrfundimtar me mas\u00eb t\u00eb p\u00ebrkohshme, lidhur me pasurit\u00eb e paluajtshme n\u00eb rastin Banjska. Ajo ka th\u00ebn\u00eb se Agjencia e Administrimit t\u00eb Pasuris\u00eb s\u00eb Sekuestruar dhe t\u00eb Konfiskuar ka nisur identifikimin e pasurive t\u00eb p\u00ebrmendura n\u00eb urdh\u00ebr, duke p\u00ebrfshir\u00eb edhe vil\u00ebn q\u00eb [&hellip;]<\/p>\n","protected":false},"author":1,"featured_media":539,"comment_status":"open","ping_status":"open","sticky":false,"template":"","format":"standard","meta":{"footnotes":""},"categories":[19],"tags":[],"class_list":["post-538","post","type-post","status-publish","format-standard","has-post-thumbnail","hentry","category-eko"],"_links":{"self":[{"href":"https:\/\/radiogjilani.com\/index.php\/wp-json\/wp\/v2\/posts\/538","targetHints":{"allow":["GET"]}}],"collection":[{"href":"https:\/\/radiogjilani.com\/index.php\/wp-json\/wp\/v2\/posts"}],"about":[{"href":"https:\/\/radiogjilani.com\/index.php\/wp-json\/wp\/v2\/types\/post"}],"author":[{"embeddable":true,"href":"https:\/\/radiogjilani.com\/index.php\/wp-json\/wp\/v2\/users\/1"}],"replies":[{"embeddable":true,"href":"https:\/\/radiogjilani.com\/index.php\/wp-json\/wp\/v2\/comments?post=538"}],"version-history":[{"count":0,"href":"https:\/\/radiogjilani.com\/index.php\/wp-json\/wp\/v2\/posts\/538\/revisions"}],"wp:featuredmedia":[{"embeddable":true,"href":"https:\/\/radiogjilani.com\/index.php\/wp-json\/wp\/v2\/media\/539"}],"wp:attachment":[{"href":"https:\/\/radiogjilani.com\/index.php\/wp-json\/wp\/v2\/media?parent=538"}],"wp:term":[{"taxonomy":"category","embeddable":true,"href":"https:\/\/radiogjilani.com\/index.php\/wp-json\/wp\/v2\/categories?post=538"},{"taxonomy":"post_tag","embeddable":true,"href":"https:\/\/radiogjilani.com\/index.php\/wp-json\/wp\/v2\/tags?post=538"}],"curies":[{"name":"wp","href":"https:\/\/api.w.org\/{rel}","templated":true}]}}