{"id":5384,"date":"2024-06-24T19:19:23","date_gmt":"2024-06-24T19:19:23","guid":{"rendered":"https:\/\/radiogjilani.com\/index.php\/2024\/06\/24\/lajcak-spo-shkoj-askund-jam-i-fokusuar-ne-dialogun-kosove-serbi-dhe-pergatitjen-e-hapave-te-ardhshem\/"},"modified":"2024-06-24T19:19:23","modified_gmt":"2024-06-24T19:19:23","slug":"lajcak-spo-shkoj-askund-jam-i-fokusuar-ne-dialogun-kosove-serbi-dhe-pergatitjen-e-hapave-te-ardhshem","status":"publish","type":"post","link":"https:\/\/radiogjilani.com\/index.php\/2024\/06\/24\/lajcak-spo-shkoj-askund-jam-i-fokusuar-ne-dialogun-kosove-serbi-dhe-pergatitjen-e-hapave-te-ardhshem\/","title":{"rendered":"Laj\u00e7ak: S\u2019po shkoj askund, jam i fokusuar n\u00eb dialogun Kosov\u00eb-Serbi dhe p\u00ebrgatitjen e hapave t\u00eb ardhsh\u00ebm"},"content":{"rendered":"<p>I d\u00ebrguari i posa\u00e7\u00ebm i Bashkimit Europian, Miroslav Laj\u00e7ak tha se nuk \u00ebsht\u00eb af\u00ebr fundit t\u00eb mandatit t\u00eb tij si i ngarkuar p\u00ebr t\u2019u marr\u00eb me dialogun nd\u00ebrmjet Kosov\u00ebs dhe Serbis\u00eb. \u201cPuna ime vazhdon\u201d dhe \u201cnuk do t\u00eb shkoj askund\u201d, i tha ai platform\u00ebs \u201csbunker\u201d, ku tregoi se po punon p\u00ebr hapat e ardhsh\u00ebm n\u00eb procesin e dialogut. \u201cNdoshta nuk jam aq af\u00ebr fundit t\u00eb mandatit tim sa mendohej fillimisht. Pra&#8230;<\/p>\n<p><a href=\"https:\/\/ekonomiaonline.com\/lajcak-spo-shkoj-askund-jam-i-fokusuar-ne-dialogun-kosove-serbi-dhe-pergatitjen-e-hapave-te-ardhshem\/\" rel=\"nofollow\">Source<\/a><\/p>\n","protected":false},"excerpt":{"rendered":"<p>I d\u00ebrguari i posa\u00e7\u00ebm i Bashkimit Europian, Miroslav Laj\u00e7ak tha se nuk \u00ebsht\u00eb af\u00ebr fundit t\u00eb mandatit t\u00eb tij si i ngarkuar p\u00ebr t\u2019u marr\u00eb me dialogun nd\u00ebrmjet Kosov\u00ebs dhe Serbis\u00eb. \u201cPuna ime vazhdon\u201d dhe \u201cnuk do t\u00eb shkoj askund\u201d, i tha ai platform\u00ebs \u201csbunker\u201d, ku tregoi se po punon p\u00ebr hapat e ardhsh\u00ebm n\u00eb [&hellip;]<\/p>\n","protected":false},"author":1,"featured_media":5385,"comment_status":"open","ping_status":"open","sticky":false,"template":"","format":"standard","meta":{"footnotes":""},"categories":[19],"tags":[],"class_list":["post-5384","post","type-post","status-publish","format-standard","has-post-thumbnail","hentry","category-eko"],"_links":{"self":[{"href":"https:\/\/radiogjilani.com\/index.php\/wp-json\/wp\/v2\/posts\/5384","targetHints":{"allow":["GET"]}}],"collection":[{"href":"https:\/\/radiogjilani.com\/index.php\/wp-json\/wp\/v2\/posts"}],"about":[{"href":"https:\/\/radiogjilani.com\/index.php\/wp-json\/wp\/v2\/types\/post"}],"author":[{"embeddable":true,"href":"https:\/\/radiogjilani.com\/index.php\/wp-json\/wp\/v2\/users\/1"}],"replies":[{"embeddable":true,"href":"https:\/\/radiogjilani.com\/index.php\/wp-json\/wp\/v2\/comments?post=5384"}],"version-history":[{"count":0,"href":"https:\/\/radiogjilani.com\/index.php\/wp-json\/wp\/v2\/posts\/5384\/revisions"}],"wp:featuredmedia":[{"embeddable":true,"href":"https:\/\/radiogjilani.com\/index.php\/wp-json\/wp\/v2\/media\/5385"}],"wp:attachment":[{"href":"https:\/\/radiogjilani.com\/index.php\/wp-json\/wp\/v2\/media?parent=5384"}],"wp:term":[{"taxonomy":"category","embeddable":true,"href":"https:\/\/radiogjilani.com\/index.php\/wp-json\/wp\/v2\/categories?post=5384"},{"taxonomy":"post_tag","embeddable":true,"href":"https:\/\/radiogjilani.com\/index.php\/wp-json\/wp\/v2\/tags?post=5384"}],"curies":[{"name":"wp","href":"https:\/\/api.w.org\/{rel}","templated":true}]}}