{"id":5386,"date":"2024-06-24T19:19:22","date_gmt":"2024-06-24T19:19:22","guid":{"rendered":"https:\/\/radiogjilani.com\/index.php\/2024\/06\/24\/gjykata-e-posacme-e-apelit-denon-safet-gjicin-dhe-alma-kacin\/"},"modified":"2024-06-24T19:19:22","modified_gmt":"2024-06-24T19:19:22","slug":"gjykata-e-posacme-e-apelit-denon-safet-gjicin-dhe-alma-kacin","status":"publish","type":"post","link":"https:\/\/radiogjilani.com\/index.php\/2024\/06\/24\/gjykata-e-posacme-e-apelit-denon-safet-gjicin-dhe-alma-kacin\/","title":{"rendered":"Gjykata e Posa\u00e7me e Apelit, d\u00ebnon Safet Gjicin dhe Alma Ka\u00e7in"},"content":{"rendered":"<p>Safet Gjici \u00ebsht\u00eb d\u00ebnuar p\u00ebrfundimisht me 4 vjet e 6 muaj burgim. Ky vendim u mor nga Gjykata e Posa\u00e7me e Apelit e cila e prishi vendimin e shkall\u00ebs s\u00eb par\u00eb. Gjici u d\u00ebnua me vendim t\u00eb form\u00ebs s\u00eb prer\u00eb tashm\u00eb jo p\u00ebr \u201cshp\u00ebrdorim detyre\u201d por p\u00ebr \u201ckorrupsion pasiv\u201d. Alma Ka\u00e7i u d\u00ebnua me 1 vit e gjasht\u00eb muaj burgim p\u00ebr akuz\u00ebn e \u201ckorrupsionit aktiv\u201d. Asaj i \u00ebsht\u00eb ndryshuar vepra penale&#8230;<\/p>\n<p><a href=\"https:\/\/ekonomiaonline.com\/gjykata-e-posacme-e-apelit-denon-safet-gjicin-dhe-alma-kacin\/\" rel=\"nofollow\">Source<\/a><\/p>\n","protected":false},"excerpt":{"rendered":"<p>Safet Gjici \u00ebsht\u00eb d\u00ebnuar p\u00ebrfundimisht me 4 vjet e 6 muaj burgim. Ky vendim u mor nga Gjykata e Posa\u00e7me e Apelit e cila e prishi vendimin e shkall\u00ebs s\u00eb par\u00eb. Gjici u d\u00ebnua me vendim t\u00eb form\u00ebs s\u00eb prer\u00eb tashm\u00eb jo p\u00ebr \u201cshp\u00ebrdorim detyre\u201d por p\u00ebr \u201ckorrupsion pasiv\u201d. Alma Ka\u00e7i u d\u00ebnua me 1 [&hellip;]<\/p>\n","protected":false},"author":1,"featured_media":5387,"comment_status":"open","ping_status":"open","sticky":false,"template":"","format":"standard","meta":{"footnotes":""},"categories":[19],"tags":[],"class_list":["post-5386","post","type-post","status-publish","format-standard","has-post-thumbnail","hentry","category-eko"],"_links":{"self":[{"href":"https:\/\/radiogjilani.com\/index.php\/wp-json\/wp\/v2\/posts\/5386","targetHints":{"allow":["GET"]}}],"collection":[{"href":"https:\/\/radiogjilani.com\/index.php\/wp-json\/wp\/v2\/posts"}],"about":[{"href":"https:\/\/radiogjilani.com\/index.php\/wp-json\/wp\/v2\/types\/post"}],"author":[{"embeddable":true,"href":"https:\/\/radiogjilani.com\/index.php\/wp-json\/wp\/v2\/users\/1"}],"replies":[{"embeddable":true,"href":"https:\/\/radiogjilani.com\/index.php\/wp-json\/wp\/v2\/comments?post=5386"}],"version-history":[{"count":0,"href":"https:\/\/radiogjilani.com\/index.php\/wp-json\/wp\/v2\/posts\/5386\/revisions"}],"wp:featuredmedia":[{"embeddable":true,"href":"https:\/\/radiogjilani.com\/index.php\/wp-json\/wp\/v2\/media\/5387"}],"wp:attachment":[{"href":"https:\/\/radiogjilani.com\/index.php\/wp-json\/wp\/v2\/media?parent=5386"}],"wp:term":[{"taxonomy":"category","embeddable":true,"href":"https:\/\/radiogjilani.com\/index.php\/wp-json\/wp\/v2\/categories?post=5386"},{"taxonomy":"post_tag","embeddable":true,"href":"https:\/\/radiogjilani.com\/index.php\/wp-json\/wp\/v2\/tags?post=5386"}],"curies":[{"name":"wp","href":"https:\/\/api.w.org\/{rel}","templated":true}]}}