{"id":5396,"date":"2024-06-24T19:20:28","date_gmt":"2024-06-24T19:20:28","guid":{"rendered":"https:\/\/radiogjilani.com\/index.php\/2024\/06\/24\/anetaresimi-ne-be-kerkon-integrim-ekonomik-dhe-politik-te-rajonit-thote-gonzato\/"},"modified":"2024-06-24T19:20:28","modified_gmt":"2024-06-24T19:20:28","slug":"anetaresimi-ne-be-kerkon-integrim-ekonomik-dhe-politik-te-rajonit-thote-gonzato","status":"publish","type":"post","link":"https:\/\/radiogjilani.com\/index.php\/2024\/06\/24\/anetaresimi-ne-be-kerkon-integrim-ekonomik-dhe-politik-te-rajonit-thote-gonzato\/","title":{"rendered":"An\u00ebtar\u00ebsimi n\u00eb BE k\u00ebrkon integrim ekonomik dhe politik t\u00eb rajonit, thot\u00eb Gonzato"},"content":{"rendered":"<p>N\u00eb Tiran\u00eb, p\u00ebrfaq\u00ebsues t\u00eb diplomacis\u00eb amerikane dhe evropiane nxit\u00ebn Shqip\u00ebrin\u00eb, q\u00eb p\u00ebrmes reformave, t\u00eb fuqizoj\u00eb sektorin privat, p\u00ebr t\u00eb zhvilluar m\u00eb shum\u00eb ekonomin\u00eb dhe procesin e an\u00ebtar\u00ebsimit n\u00eb BE.<\/p>\n<p>Komentet u b\u00ebn\u00eb sot n\u00eb nj\u00eb konferenc\u00eb rajonale, ku mor\u00ebn pjes\u00eb shum\u00eb ekspert\u00eb nd\u00ebrkomb\u00ebtar\u00eb t\u00eb ekonomis\u00eb nga SHBA, BE dhe vendet e Ballkanit Per\u00ebndimor.<\/p>\n<p>Diplomat\u00ebt pohuan se Shqip\u00ebria i ka gjith\u00eb mund\u00ebsit\u00eb q\u00eb t\u00eb p\u00ebrfitoj\u00eb nga partneriteti me Shtetet e Bashkuara t\u00eb Amerik\u00ebs, si dhe nga Plani i Rritjes i BE-s\u00eb p\u00ebr Ballkanin Per\u00ebndimor.<\/p>\n<p>SHBA-t\u00eb besojn\u00eb tek nj\u00eb integrim m\u00eb i madh rajonal, i cili t\u00eb sjell\u00eb zhvillim dhe rritje n\u00eb Ballkanin per\u00ebndimor, theksoi sot I Ngarkuari me Pun\u00eb n\u00eb Ambasad\u00ebn e SHBA-ve n\u00eb Shqip\u00ebri, David Wisner, gjat\u00eb konferenc\u00ebs rajonale \u201cBalkanomics\u201d.<\/p>\n<div class=\"iframe-container\">\n<p><a href=\"https:\/\/track.adform.net\/C\/?bn=73199340;C=0\" target=\"_blank\" rel=\"noopener\"><\/p>\n<p><img loading=\"lazy\" decoding=\"async\" src=\"https:\/\/track.adform.net\/adfserve\/?bn=73199340;srctype=4;ord=%5Btimestamp%5D\" border=\"0\" width=\"300\" height=\"250\" alt=\"\"><\/p>\n<p><\/a><\/p><\/div>\n<p>Ai renditi disa p\u00ebrparime q\u00eb jan\u00eb kryer n\u00eb Shqip\u00ebri, nga zbatimi i ligjit, n\u00eb fush\u00ebn e energjis\u00eb, decentralizimit t\u00eb saj, si dhe n\u00eb fusha t\u00eb tjera, ku ka ndihmuar edhe USAID-i.<\/p>\n<p>\u201cN\u00eb Shqip\u00ebri ve\u00e7an\u00ebrisht ne jemi p\u00ebrqendruar n\u00eb tre \u00e7\u00ebshtje; mbrojtje, demokraci dhe biznes. Tek demokracia, ne jemi t\u00eb p\u00ebrqendruar dekad\u00ebn e fundit tek reforma n\u00eb drejt\u00ebsi, ku shihet nj\u00eb p\u00ebrparim dometh\u00ebn\u00ebs, po ashtu edhe n\u00eb fush\u00ebn e mbrojtjes \u00ebsht\u00eb rritur angazhimi i Shqip\u00ebris\u00eb. Nga ana tjet\u00ebr bizneset amerikane po ndihmohen nga Dhoma e Tregtis\u00eb q\u00eb t\u00eb krijojn\u00eb partneritete t\u00eb q\u00ebndrueshme n\u00eb Shqip\u00ebri, sepse ne besojm\u00eb tek fuqia e sektorit privat, i cili duhet\u00a0mb\u00ebshtetur\u201d, theksoi Wisner.<\/p>\n<p>Agjencia e Shteteve t\u00eb Bashkuara p\u00ebr Zhvillim Nd\u00ebrkomb\u00ebtar, (USAID), po ndihmon Shqip\u00ebrin\u00eb dhe vendet e tjera n\u00eb Ballkanit Per\u00ebndimor p\u00ebr fuqizimin rajonal t\u00eb ekonomis\u00eb, duke bashk\u00ebpunuar me sektorin privat, q\u00eb t\u00eb rritet konkurrueshm\u00ebria e tregut.<\/p>\n<p>Drejtoresha e USAID-it p\u00ebr Shqip\u00ebrin\u00eb, Mischere Kawas, tha se agjencia amerikane e ka si p\u00ebrpar\u00ebsi kryesore t\u00eb nxit\u00eb rritjen ekonomike n\u00eb Ballkanin Per\u00ebndimor.<\/p>\n<p>\u201cStrategjia rajonale e USAID-it p\u00ebr Ballkanin Per\u00ebndimor \u00ebsht\u00eb p\u00ebrqendruar n\u00eb mund\u00ebsit\u00eb ekonomike tek sip\u00ebrmarrjet e vogla dhe t\u00eb mesme, q\u00eb p\u00ebrb\u00ebjn\u00eb nj\u00eb pjes\u00eb t\u00eb r\u00ebnd\u00ebsishme t\u00eb ekonomis\u00eb s\u00eb k\u00ebtij rajoni. P\u00ebrmir\u00ebsimi i financimeve p\u00ebr bizneset e vogla dhe t\u00eb mesme do t\u00eb rrit\u00eb pjes\u00ebmarrjen e tyre n\u00eb zhvillimin e k\u00ebtij rajoni. Sektori privat \u00ebsht\u00eb n\u00eb qend\u00ebr t\u00eb v\u00ebmendjes edhe t\u00eb USAID-it, ku jan\u00eb drejtuar edhe burimet kryesore me q\u00ebllimin q\u00eb t\u00eb fuqizohet sektori ekonomik, t\u00eb rritet tregtia dypal\u00ebshe, t\u00eb gjall\u00ebrohet integrimi euro-atlantik i Shqip\u00ebris\u00eb\u201d,\u00a0tha Kawas.<\/p>\n<p>Drejtuesi i Delegacionit t\u00eb BE-s\u00eb n\u00eb Shqip\u00ebri, ambasadori Silvio Gonzato, theksoi se BE-ja \u00ebsht\u00eb donatori m\u00eb i madh, nd\u00ebrsa reformat evropiane dhe Plani evropian i Rritjes p\u00ebr Ballkanin Per\u00ebndimor jan\u00eb t\u00eb lidhura fort mes tyre, n\u00eb p\u00ebrpjekje p\u00ebr t\u00eb ngushtuar boshll\u00ebqet q\u00eb ekzistojn\u00eb mes BE-s\u00eb dhe rajonit, p\u00ebr t\u00eb cilat nevojiten nd\u00ebrhyrje t\u00eb m\u00ebdha dhe t\u00eb vendosura, si\u00e7 u shpreh ai.<\/p>\n<p>\u201cDihet se procesi i an\u00ebtar\u00ebsimit n\u00eb BE \u00ebsht\u00eb i gjat\u00eb dhe teknik. Bazohet n\u00eb vullnetin politik, por k\u00ebrkon nj\u00eb pun\u00eb shum\u00eb t\u00eb madhe p\u00ebr t\u00eb arritur standardet dhe hyrjen n\u00eb BE. Plani i Rritjes synon q\u00eb t\u00eb afroj\u00eb disa p\u00ebrfitime t\u00eb an\u00ebtar\u00ebsimit para kohe, nd\u00ebrtimin e nj\u00eb tregu t\u00eb nj\u00ebjt\u00eb, si dhe financimi me 2 miliard\u00eb euro grante dhe 4 miliard\u00eb t\u00eb tjera n\u00eb kredi favorizuese. K\u00ebto kusht\u00ebzohen me agjend\u00ebn e reformave, p\u00ebr t\u00eb cilat angazhohen qeverit\u00eb e Shqip\u00ebris\u00eb dhe vendeve t\u00eb tjera t\u00eb Ballkanit Per\u00ebndimor, mes t\u00eb cilave \u00ebsht\u00eb sundimi i ligjit, afrimi midis tyre\u201d,\u00a0tha Gonzato.<\/p>\n<p>Ai shtoi se klima e biznesit dhe investimeve p\u00ebrmir\u00ebsohet sapo ata t\u00eb sigurohen q\u00eb sistemi i drejt\u00ebsis\u00eb funksionon dhe korrupsioni luftohet.<\/p>\n<p>An\u00ebtar\u00ebsimi n\u00eb Bashkimi Evropian \u00ebsht\u00eb nj\u00eb proces i nd\u00ebrlikuar, pohuan diplomat\u00ebt, edhe pse nis nga qasja se Ballkani Per\u00ebndimor i p\u00ebrket BE-s\u00eb dhe \u00ebsht\u00eb pjes\u00eb e saj.<\/p>\n<p>P\u00ebrvet\u00ebsimi i Planit t\u00eb Rritjes, duke u angazhuar p\u00ebr reformat, pohuan ata, i ndihmon shum\u00eb Shqip\u00ebrin\u00eb dhe vendet e tjera, q\u00eb t\u00eb p\u00ebrballen me sfidat si sundimi i ligjit, barazia, t\u00eb drejtat e njeriut, infrastruktura, energjia, dhe hap\u00ebsirat sociale dhe ekonomike, q\u00eb ekzistojn\u00eb mes BE-s\u00eb dhe rajonit.<\/p>\n<p>The post <a rel=\"nofollow\" href=\"https:\/\/albanianpost.com\/anetaresimi-ne-be-kerkon-integrim-ekonomik-dhe-politik-te-rajonit-thote-gonzato\/\">An\u00ebtar\u00ebsimi n\u00eb BE k\u00ebrkon integrim ekonomik dhe politik t\u00eb rajonit, thot\u00eb Gonzato<\/a> appeared first on <a rel=\"nofollow\" href=\"https:\/\/albanianpost.com\/\">Albanian Post<\/a>.<\/p>\n","protected":false},"excerpt":{"rendered":"<p>N\u00eb Tiran\u00eb, p\u00ebrfaq\u00ebsues t\u00eb diplomacis\u00eb amerikane dhe evropiane nxit\u00ebn Shqip\u00ebrin\u00eb, q\u00eb p\u00ebrmes reformave, t\u00eb fuqizoj\u00eb sektorin privat, p\u00ebr t\u00eb zhvilluar m\u00eb shum\u00eb ekonomin\u00eb dhe procesin e an\u00ebtar\u00ebsimit n\u00eb BE. Komentet u b\u00ebn\u00eb sot n\u00eb nj\u00eb konferenc\u00eb rajonale, ku mor\u00ebn pjes\u00eb shum\u00eb ekspert\u00eb nd\u00ebrkomb\u00ebtar\u00eb t\u00eb ekonomis\u00eb nga SHBA, BE dhe vendet e Ballkanit Per\u00ebndimor. Diplomat\u00ebt pohuan [&hellip;]<\/p>\n","protected":false},"author":1,"featured_media":5397,"comment_status":"open","ping_status":"open","sticky":false,"template":"","format":"standard","meta":{"footnotes":""},"categories":[1],"tags":[],"class_list":["post-5396","post","type-post","status-publish","format-standard","has-post-thumbnail","hentry","category-uncategorized"],"_links":{"self":[{"href":"https:\/\/radiogjilani.com\/index.php\/wp-json\/wp\/v2\/posts\/5396","targetHints":{"allow":["GET"]}}],"collection":[{"href":"https:\/\/radiogjilani.com\/index.php\/wp-json\/wp\/v2\/posts"}],"about":[{"href":"https:\/\/radiogjilani.com\/index.php\/wp-json\/wp\/v2\/types\/post"}],"author":[{"embeddable":true,"href":"https:\/\/radiogjilani.com\/index.php\/wp-json\/wp\/v2\/users\/1"}],"replies":[{"embeddable":true,"href":"https:\/\/radiogjilani.com\/index.php\/wp-json\/wp\/v2\/comments?post=5396"}],"version-history":[{"count":0,"href":"https:\/\/radiogjilani.com\/index.php\/wp-json\/wp\/v2\/posts\/5396\/revisions"}],"wp:featuredmedia":[{"embeddable":true,"href":"https:\/\/radiogjilani.com\/index.php\/wp-json\/wp\/v2\/media\/5397"}],"wp:attachment":[{"href":"https:\/\/radiogjilani.com\/index.php\/wp-json\/wp\/v2\/media?parent=5396"}],"wp:term":[{"taxonomy":"category","embeddable":true,"href":"https:\/\/radiogjilani.com\/index.php\/wp-json\/wp\/v2\/categories?post=5396"},{"taxonomy":"post_tag","embeddable":true,"href":"https:\/\/radiogjilani.com\/index.php\/wp-json\/wp\/v2\/tags?post=5396"}],"curies":[{"name":"wp","href":"https:\/\/api.w.org\/{rel}","templated":true}]}}