{"id":5400,"date":"2024-06-24T19:20:26","date_gmt":"2024-06-24T19:20:26","guid":{"rendered":"https:\/\/radiogjilani.com\/index.php\/2024\/06\/24\/borrell-per-takimin-kurti-vucic-kemi-nje-marreveshje-e-cila-spo-zbatohet-sdo-te-dorezohem\/"},"modified":"2024-06-24T19:20:26","modified_gmt":"2024-06-24T19:20:26","slug":"borrell-per-takimin-kurti-vucic-kemi-nje-marreveshje-e-cila-spo-zbatohet-sdo-te-dorezohem","status":"publish","type":"post","link":"https:\/\/radiogjilani.com\/index.php\/2024\/06\/24\/borrell-per-takimin-kurti-vucic-kemi-nje-marreveshje-e-cila-spo-zbatohet-sdo-te-dorezohem\/","title":{"rendered":"Borrell p\u00ebr takimin Kurti \u2013 Vu\u00e7i\u00e7: Kemi nj\u00eb marr\u00ebveshje e cila s\u2019po zbatohet, s\u2019do t\u00eb dor\u00ebzohem"},"content":{"rendered":"<p>Shefi i Diplomacis\u00eb s\u00eb Bashkimit Evropian, Josep Borrell, <a href=\"https:\/\/audiovisual.ec.europa.eu\/en\/video\/I-258750\">n\u00eb nj\u00eb konferenc\u00eb p\u00ebr media<\/a>, t\u00eb h\u00ebn\u00ebn, ka potencuar se \u00ebsht\u00eb duke tentuar ta \u00e7oj p\u00ebrpara procesin e dialogut nd\u00ebrmjet Kosov\u00ebs dhe Serbis\u00eb.<\/p>\n<p>N\u00eb vigjiljen e takimit t\u00eb 10-t\u00eb n\u00eb mes t\u00eb kryeministrit t\u00eb Kosov\u00ebs, Albin Kurtit dhe presidentit t\u00eb Serbis\u00eb, Aleksand\u00ebr Vu\u00e7i\u00e7, n\u00eb Bruksel, kryediplomati spanjoll ka vler\u00ebsuar se ndon\u00ebse Kosova dhe Serbia jan\u00eb pajtuar p\u00ebr Marr\u00ebveshjen e Brukselit\/Ohrit, po ngurrojn\u00eb q\u00eb t\u00eb nj\u00ebjt\u00ebn ta zbatojn\u00eb n\u00eb praktik\u00eb p\u00ebr arsye t\u00eb ndryshme.<\/p>\n<p>\u201cP\u00ebr k\u00ebt\u00eb arsye e shoh si t\u00eb r\u00ebnd\u00ebsishme ta nis nj\u00eb cik\u00ebl t\u00eb ri t\u00eb nivelit t\u00eb lart\u00eb t\u00eb dialogut p\u00ebr t\u00eb par\u00eb se ku po q\u00ebndrojm\u00eb\u201d, tha ai n\u00eb nj\u00eb konferenc\u00eb p\u00ebr media.<\/p>\n<p>Borrell nd\u00ebr t\u00eb tjera ka potencuar se Kurti e Vu\u00e7i\u00e7 nuk jan\u00eb takuar p\u00ebr nj\u00eb koh\u00eb t\u00eb gjat\u00eb.<\/p>\n<div class=\"iframe-container\">\n<p><a href=\"https:\/\/track.adform.net\/C\/?bn=73199340;C=0\" target=\"_blank\" rel=\"noopener\"><\/p>\n<p><img loading=\"lazy\" decoding=\"async\" src=\"https:\/\/track.adform.net\/adfserve\/?bn=73199340;srctype=4;ord=%5Btimestamp%5D\" border=\"0\" width=\"300\" height=\"250\" alt=\"\"><\/p>\n<p><\/a><\/p><\/div>\n<p>\u201cNuk dua t\u00eb dor\u00ebzohem para se t\u00eb mbaroj mandatin tim\u201d, ka shtuar ai.<\/p>\n<p>Borrell, do t\u2019i pres\u00eb t\u00eb m\u00ebrkur\u00ebn p\u00ebr nj\u00eb raund t\u00eb ri t\u00eb negociatave kryeministrin e Kosov\u00ebs, Albin Kurti, dhe presidentin e Serbis\u00eb, Aleksand\u00ebr Vu\u00e7i\u00e7, n\u00eb p\u00ebrpjekje p\u00ebr t\u00eb \u00e7uar p\u00ebrpara procesin e dialogut p\u00ebr normalizimin e marr\u00ebdh\u00ebnieve dhe zbatimin e marr\u00ebveshjeve ekzistuese.<\/p>\n<p>Kryeministri Kurti dhe presidenti Vu\u00e7i\u00e7 kan\u00eb konfirmuar pjes\u00ebmarrjen e tyre, nd\u00ebrsa n\u00eb baz\u00eb t\u00eb nj\u00eb njoftimi t\u00eb l\u00ebshuar nga Sh\u00ebrbimi i Veprimit t\u00eb Jasht\u00ebm t\u00eb BE-s\u00eb (<a href=\"https:\/\/www.eeas.europa.eu\/eeas\/belgrade-pristina-dialogue-media-advisory-high-level-meeting-wednesday_en\">EEAS<\/a>), shefi i diplomacis\u00eb evropiane dhe emisari i posa\u00e7\u00ebm p\u00ebr dialogun Prishtin\u00eb-Beograd, Mirosllav Laj\u00e7ak, do t\u00eb zhvillojn\u00eb takime t\u00eb ndara nga ora 15:00, pasuar nga nj\u00eb takim i p\u00ebrbashk\u00ebt trepal\u00ebsh.<\/p>\n<p>\u201cP\u00ebrfaq\u00ebsuesi i Lart\u00eb dhe P\u00ebrfaq\u00ebsuesi Special i BE-s\u00eb do t\u00eb zhvillojn\u00eb takime t\u00eb ndara me t\u00eb dy lider\u00ebt nga ora 15:00, pasuar nga nj\u00eb takim i p\u00ebrbashk\u00ebt trepal\u00ebsh. Takimet do t\u00eb analizojn\u00eb bilancin se \u00e7far\u00eb \u00ebsht\u00eb arritur n\u00eb dialog n\u00ebn udh\u00ebheqjen e P\u00ebrfaq\u00ebsuesit t\u00eb Lart\u00eb\u00a0dhe do t\u00eb fokusohen n\u00eb rrug\u00ebn p\u00ebrpara. Do t\u00eb ket\u00eb deklarata p\u00ebr shtyp para dhe n\u00eb fund t\u00eb takimeve\u201d.<\/p>\n<p>P\u00ebr takimin n\u00eb fjal\u00eb p\u00ebrve\u00e7 Borrell, \u00ebsht\u00eb deklaruar edhe Vu\u00e7i\u00e7.<\/p>\n<p>Ai ka premtuar se t\u00eb m\u00ebrkur\u00ebn do t\u00eb ket\u00eb nj\u00eb qasje konstruktive dhe se do t\u00eb mundohet q\u00eb problemet t\u2019i zgjidh p\u00ebrmes dialogut, duke shtuar se nuk beson n\u00eb vullnetin e Kosov\u00ebs p\u00ebr nj\u00eb gj\u00eb t\u00eb till\u00eb.<\/p>\n<p>Ai madje \u00ebsht\u00eb shprehur i frik\u00ebsuar nga provokimet eventuale t\u00eb Kosov\u00ebs.<\/p>\n<p>The post <a rel=\"nofollow\" href=\"https:\/\/albanianpost.com\/borrell-per-takimin-kurti-vucic-kemi-nje-marreveshje-e-cila-spo-zbatohet-sdo-te-dorezohem\/\">Borrell p\u00ebr takimin Kurti \u2013 Vu\u00e7i\u00e7: Kemi nj\u00eb marr\u00ebveshje e cila s\u2019po zbatohet, s\u2019do t\u00eb dor\u00ebzohem<\/a> appeared first on <a rel=\"nofollow\" href=\"https:\/\/albanianpost.com\/\">Albanian Post<\/a>.<\/p>\n","protected":false},"excerpt":{"rendered":"<p>Shefi i Diplomacis\u00eb s\u00eb Bashkimit Evropian, Josep Borrell, n\u00eb nj\u00eb konferenc\u00eb p\u00ebr media, t\u00eb h\u00ebn\u00ebn, ka potencuar se \u00ebsht\u00eb duke tentuar ta \u00e7oj p\u00ebrpara procesin e dialogut nd\u00ebrmjet Kosov\u00ebs dhe Serbis\u00eb. N\u00eb vigjiljen e takimit t\u00eb 10-t\u00eb n\u00eb mes t\u00eb kryeministrit t\u00eb Kosov\u00ebs, Albin Kurtit dhe presidentit t\u00eb Serbis\u00eb, Aleksand\u00ebr Vu\u00e7i\u00e7, n\u00eb Bruksel, kryediplomati spanjoll [&hellip;]<\/p>\n","protected":false},"author":1,"featured_media":5401,"comment_status":"open","ping_status":"open","sticky":false,"template":"","format":"standard","meta":{"footnotes":""},"categories":[1],"tags":[],"class_list":["post-5400","post","type-post","status-publish","format-standard","has-post-thumbnail","hentry","category-uncategorized"],"_links":{"self":[{"href":"https:\/\/radiogjilani.com\/index.php\/wp-json\/wp\/v2\/posts\/5400","targetHints":{"allow":["GET"]}}],"collection":[{"href":"https:\/\/radiogjilani.com\/index.php\/wp-json\/wp\/v2\/posts"}],"about":[{"href":"https:\/\/radiogjilani.com\/index.php\/wp-json\/wp\/v2\/types\/post"}],"author":[{"embeddable":true,"href":"https:\/\/radiogjilani.com\/index.php\/wp-json\/wp\/v2\/users\/1"}],"replies":[{"embeddable":true,"href":"https:\/\/radiogjilani.com\/index.php\/wp-json\/wp\/v2\/comments?post=5400"}],"version-history":[{"count":0,"href":"https:\/\/radiogjilani.com\/index.php\/wp-json\/wp\/v2\/posts\/5400\/revisions"}],"wp:featuredmedia":[{"embeddable":true,"href":"https:\/\/radiogjilani.com\/index.php\/wp-json\/wp\/v2\/media\/5401"}],"wp:attachment":[{"href":"https:\/\/radiogjilani.com\/index.php\/wp-json\/wp\/v2\/media?parent=5400"}],"wp:term":[{"taxonomy":"category","embeddable":true,"href":"https:\/\/radiogjilani.com\/index.php\/wp-json\/wp\/v2\/categories?post=5400"},{"taxonomy":"post_tag","embeddable":true,"href":"https:\/\/radiogjilani.com\/index.php\/wp-json\/wp\/v2\/tags?post=5400"}],"curies":[{"name":"wp","href":"https:\/\/api.w.org\/{rel}","templated":true}]}}