{"id":5402,"date":"2024-06-24T19:20:25","date_gmt":"2024-06-24T19:20:25","guid":{"rendered":"https:\/\/radiogjilani.com\/index.php\/2024\/06\/24\/aksident-i-rende-rrugor-me-eskorten-e-orbanit-vdes-nje-polic\/"},"modified":"2024-06-24T19:20:25","modified_gmt":"2024-06-24T19:20:25","slug":"aksident-i-rende-rrugor-me-eskorten-e-orbanit-vdes-nje-polic","status":"publish","type":"post","link":"https:\/\/radiogjilani.com\/index.php\/2024\/06\/24\/aksident-i-rende-rrugor-me-eskorten-e-orbanit-vdes-nje-polic\/","title":{"rendered":"Aksident i r\u00ebnd\u00eb rrugor me eskort\u00ebn e Orbanit, vdes nj\u00eb polic"},"content":{"rendered":"<p>Nj\u00eb aksident i r\u00ebnd\u00eb rrugor q\u00eb p\u00ebrfshin eskort\u00ebn q\u00eb ndiqte kryeministrin hungarez Viktor Orb\u00e1n ka ndodhur n\u00eb rrug\u00ebn p\u00ebr n\u00eb aeroportin e Shtutgartit. Rrug\u00ebs ka pasur nj\u00eb p\u00ebrplasje mes eskort\u00ebs s\u00eb Orbanit ku jan\u00eb p\u00ebrfshir\u00eb dy motor\u00eb policie dhe nj\u00eb makin\u00eb. Nj\u00eb polic ka vdekur, nj\u00eb tjet\u00ebr \u00ebsht\u00eb plagosur r\u00ebnd\u00eb, raporton Bild.<\/p>\n<p>Aksidenti ndodhi rreth or\u00ebs 11:15 n\u00eb sheshin Albplatz n\u00eb lagjen Degerloch t\u00eb Shtutgartit, kur nj\u00eb 69-vje\u00e7are, duke drejtuar nj\u00eb BMW, injoroi penges\u00ebn e vendosur p\u00ebr kalimin e kolon\u00ebs s\u00eb makinave q\u00eb shoq\u00ebronin kryeministrin hungarez.<\/p>\n<p>Gruaja u kthye majtas n\u00eb kryq\u00ebzimin Rubensstrasse dhe u p\u00ebrplas me motorin e nj\u00eb oficeri policie 61-vje\u00e7ar q\u00eb po shoq\u00ebronte makin\u00ebn e Orbanit. Nga forca e goditjes, motori \u00ebsht\u00eb hedhur mbi motorin e sh\u00ebrbimit t\u00eb nj\u00eb tjet\u00ebr efektivi 27-vje\u00e7ar, i cili kishte bllokuar kryq\u00ebzimin p\u00ebr qarkullim.<\/p>\n<p>Nga ngjarja kan\u00eb mbetur t\u00eb plagosur r\u00ebnd\u00eb t\u00eb dy efektiv\u00ebt. 61-vje\u00e7ari ka nd\u00ebrruar jet\u00eb pak m\u00eb pas n\u00eb spital.<\/p>\n<div class=\"iframe-container\">\n<p><a href=\"https:\/\/track.adform.net\/C\/?bn=73199340;C=0\" target=\"_blank\" rel=\"noopener\"><\/p>\n<p><img loading=\"lazy\" decoding=\"async\" src=\"https:\/\/track.adform.net\/adfserve\/?bn=73199340;srctype=4;ord=%5Btimestamp%5D\" border=\"0\" width=\"300\" height=\"250\" alt=\"\"><\/p>\n<p><\/a><\/p><\/div>\n<p>Orb\u00e1n, i cili takohet sot n\u00eb Rom\u00eb me Giorgia Melonin, kishte shkuar n\u00eb Shtutgart t\u00eb diel\u00ebn p\u00ebr ndeshjen e Hungaris\u00eb n\u00eb Kampionatin Evropian t\u00eb Futbollit. Sipas informacioneve, ai ka mundur t\u00eb vazhdoj\u00eb rrug\u00ebtimin e tij pavar\u00ebsisht k\u00ebsaj<\/p>\n<p>The post <a rel=\"nofollow\" href=\"https:\/\/albanianpost.com\/aksident-i-rende-rrugor-me-eskorten-e-orbanit-vdes-nje-polic\/\">Aksident i r\u00ebnd\u00eb rrugor me eskort\u00ebn e Orbanit, vdes nj\u00eb polic<\/a> appeared first on <a rel=\"nofollow\" href=\"https:\/\/albanianpost.com\/\">Albanian Post<\/a>.<\/p>\n","protected":false},"excerpt":{"rendered":"<p>Nj\u00eb aksident i r\u00ebnd\u00eb rrugor q\u00eb p\u00ebrfshin eskort\u00ebn q\u00eb ndiqte kryeministrin hungarez Viktor Orb\u00e1n ka ndodhur n\u00eb rrug\u00ebn p\u00ebr n\u00eb aeroportin e Shtutgartit. Rrug\u00ebs ka pasur nj\u00eb p\u00ebrplasje mes eskort\u00ebs s\u00eb Orbanit ku jan\u00eb p\u00ebrfshir\u00eb dy motor\u00eb policie dhe nj\u00eb makin\u00eb. Nj\u00eb polic ka vdekur, nj\u00eb tjet\u00ebr \u00ebsht\u00eb plagosur r\u00ebnd\u00eb, raporton Bild. Aksidenti ndodhi rreth [&hellip;]<\/p>\n","protected":false},"author":1,"featured_media":5403,"comment_status":"open","ping_status":"open","sticky":false,"template":"","format":"standard","meta":{"footnotes":""},"categories":[1],"tags":[],"class_list":["post-5402","post","type-post","status-publish","format-standard","has-post-thumbnail","hentry","category-uncategorized"],"_links":{"self":[{"href":"https:\/\/radiogjilani.com\/index.php\/wp-json\/wp\/v2\/posts\/5402","targetHints":{"allow":["GET"]}}],"collection":[{"href":"https:\/\/radiogjilani.com\/index.php\/wp-json\/wp\/v2\/posts"}],"about":[{"href":"https:\/\/radiogjilani.com\/index.php\/wp-json\/wp\/v2\/types\/post"}],"author":[{"embeddable":true,"href":"https:\/\/radiogjilani.com\/index.php\/wp-json\/wp\/v2\/users\/1"}],"replies":[{"embeddable":true,"href":"https:\/\/radiogjilani.com\/index.php\/wp-json\/wp\/v2\/comments?post=5402"}],"version-history":[{"count":0,"href":"https:\/\/radiogjilani.com\/index.php\/wp-json\/wp\/v2\/posts\/5402\/revisions"}],"wp:featuredmedia":[{"embeddable":true,"href":"https:\/\/radiogjilani.com\/index.php\/wp-json\/wp\/v2\/media\/5403"}],"wp:attachment":[{"href":"https:\/\/radiogjilani.com\/index.php\/wp-json\/wp\/v2\/media?parent=5402"}],"wp:term":[{"taxonomy":"category","embeddable":true,"href":"https:\/\/radiogjilani.com\/index.php\/wp-json\/wp\/v2\/categories?post=5402"},{"taxonomy":"post_tag","embeddable":true,"href":"https:\/\/radiogjilani.com\/index.php\/wp-json\/wp\/v2\/tags?post=5402"}],"curies":[{"name":"wp","href":"https:\/\/api.w.org\/{rel}","templated":true}]}}