{"id":5432,"date":"2024-06-25T19:26:53","date_gmt":"2024-06-25T19:26:53","guid":{"rendered":"https:\/\/radiogjilani.com\/index.php\/2024\/06\/25\/bardella-premton-te-ndaloje-shtetasit-e-dyfishte-nga-disa-pune-shteterore-ne-france\/"},"modified":"2024-06-25T19:26:53","modified_gmt":"2024-06-25T19:26:53","slug":"bardella-premton-te-ndaloje-shtetasit-e-dyfishte-nga-disa-pune-shteterore-ne-france","status":"publish","type":"post","link":"https:\/\/radiogjilani.com\/index.php\/2024\/06\/25\/bardella-premton-te-ndaloje-shtetasit-e-dyfishte-nga-disa-pune-shteterore-ne-france\/","title":{"rendered":"Bardella premton t\u00eb ndaloj\u00eb shtetasit e dyfisht\u00eb nga disa pun\u00eb shtet\u00ebrore n\u00eb Franc\u00eb"},"content":{"rendered":"<p>Premtimi i Bashkimit Komb\u00ebtar t\u00eb ekstremit t\u00eb djatht\u00eb p\u00ebr t\u00eb ndaluar shtetasit e dyfisht\u00eb nga disa pun\u00eb shtet\u00ebrore n\u00eb Franc\u00eb \u00ebsht\u00eb kritikuar nga e majta dhe centrist\u00ebt t\u00eb cil\u00ebt thon\u00eb se \u00ebsht\u00eb nj\u00eb shije e diskriminimit m\u00eb t\u00eb gjer\u00eb q\u00eb mund t\u00eb zbatohet n\u00ebse partia vjen n\u00eb pushtet n\u00eb zgjedhje t\u00eb parakohshme.<\/p>\n<p>Jordan Bardella, i cili synon t\u00eb b\u00ebhet kryeminist\u00ebr n\u00ebse partia fiton nj\u00eb shumic\u00eb absolute n\u00eb parlament m\u00eb 7 korrik, njoftoi k\u00ebt\u00eb jav\u00eb se njer\u00ebzit me shtet\u00ebsi t\u00eb dyfisht\u00eb do t\u00eb p\u00ebrjashtoheshin nga \u201cpostet m\u00eb strategjike t\u00eb shtetit\u201d, t\u00eb cilat do t\u00eb rezervoheshin p\u00ebr qytetar\u00ebt francez\u00eb.<\/p>\n<p>N\u00eb nj\u00eb propozim q\u00eb ra k\u00ebmbanat e alarmit, ai tha se do t\u00eb zbatohej p\u00ebr pozicionet strategjike t\u00eb siguris\u00eb dhe mbrojtjes.<\/p>\n<p>Marine Le Pen, e cila do t\u00eb kandidoj\u00eb p\u00ebr presidente p\u00ebr partin\u00eb kund\u00ebr imigracionit Rally National (RN) n\u00eb vitin 2027, tha t\u00eb mart\u00ebn se ishte \u201cme t\u00eb v\u00ebrtet\u00eb vet\u00ebm nj\u00eb pjes\u00eb e vog\u00ebl e vendeve t\u00eb pun\u00ebs\u201d n\u00eb \u201cposte t\u00eb ndjeshme strategjike\u201d. Ajo tha se do t\u00eb publikohej nj\u00eb list\u00eb q\u00eb mund t\u00eb ndryshohej rregullisht sipas \u201cproblemeve gjeopolitike\u201d.<\/p>\n<div class=\"iframe-container\">\n<p><a href=\"https:\/\/track.adform.net\/C\/?bn=73199340;C=0\" target=\"_blank\" rel=\"noopener\"><\/p>\n<p><img loading=\"lazy\" decoding=\"async\" src=\"https:\/\/track.adform.net\/adfserve\/?bn=73199340;srctype=4;ord=%5Btimestamp%5D\" border=\"0\" width=\"300\" height=\"250\" alt=\"\"><\/p>\n<p><\/a><\/p><\/div>\n<p>Ministri i Brendsh\u00ebm, G\u00e9rald Darmanin, i tha radios Europe 1 se pun\u00ebt e ndjeshme n\u00eb Franc\u00eb tashm\u00eb ishin verifikuar n\u00eb nj\u00eb s\u00ebr\u00eb m\u00ebnyrash dhe kjo ishte e panevojshme dhe p\u00ebrb\u00ebnte \u201cndarje t\u00eb kombit\u201d. Ai tha: \u201cNuk m\u00eb p\u00eblqen kjo m\u00ebnyr\u00eb e filtrimit t\u00eb francez\u00ebve\u201d. Ai tha se do t\u00eb diskreditonte \u201c3 milion\u00eb franko-amerikan\u00eb, franko-algjerian\u00eb, franko-portugeze, maroken\u00eb francez\u00eb\u2026\u201d.<\/p>\n<p>E majta tha se masa simbolike tregonte nj\u00eb q\u00ebllim p\u00ebr t\u00eb renditur njer\u00ebzit sipas komb\u00ebsis\u00eb, prejardhjes ose kultur\u00ebs. Ata vun\u00eb n\u00eb dukje nj\u00eb ligj t\u00eb propozuar t\u00eb botuar nga Le Pen n\u00eb janar, kur ajo ishte deputete, n\u00eb t\u00eb cilin ajo sugjeronte nj\u00eb ndryshim kushtetues p\u00ebr t\u00eb parandaluar hyrjen e vendeve t\u00eb dyfishta n\u00eb pun\u00eb n\u00eb administrat\u00ebn shtet\u00ebrore, kompanit\u00eb shtet\u00ebrore dhe misionet e sh\u00ebrbimit publik.<\/p>\n<p>Jean-Philippe Tanguy, i cili kandidon p\u00ebr rizgjedhje p\u00ebr RN, i tha radios France Inter t\u00eb mart\u00ebn se nuk kishte asnj\u00eb mas\u00eb t\u00eb mbrojtur nga Le Pen ose Bardella \u201cq\u00eb u referohet njer\u00ebzve n\u00eb lidhje me fen\u00eb e tyre me origjin\u00eb t\u00eb supozuar\u201d.<\/p>\n<p>I pyetur n\u00eb lidhje me komentet e Emmanuel Macron se RN dhe aleanca e majt\u00eb e Frontit t\u00eb Ri Popullor rrezikonin t\u00eb sillnin \u201cluft\u00eb civile\u201d n\u00eb Franc\u00eb, ai tha se komentet ishin \u201cplot\u00ebsisht surreale\u201d.<\/p>\n<p>Macron thirri zgjedhje t\u00eb parakohshme k\u00ebt\u00eb muaj kur centrist\u00ebt e tij u mund\u00ebn nga RN n\u00eb zgjedhjet evropiane. Sondazhet aktuale tregojn\u00eb se partia e Le Pen mund t\u00eb marr\u00eb numrin m\u00eb t\u00eb madh t\u00eb vendeve n\u00eb parlament, e ndjekur nga e majta, por \u00ebsht\u00eb e pasigurt n\u00ebse ata do t\u00eb jen\u00eb n\u00eb gjendje t\u00eb arrijn\u00eb nj\u00eb shumic\u00eb absolute ose do t\u00eb p\u00ebrballen me nj\u00eb parlament t\u00eb varur.<\/p>\n<p>Bardella koh\u00ebt e fundit k\u00ebrkoi t\u00eb qet\u00ebsonte nj\u00eb telefonues gjat\u00eb nj\u00eb telefonate n\u00eb BFMTV duke th\u00ebn\u00eb se partia e tij ishte \u201ckarikaturuar\u201d padrejt\u00ebsisht dhe se \u201cfrancez\u00ebt me origjin\u00eb t\u00eb huaj\u201d q\u00eb \u201cpunojn\u00eb dhe respektojn\u00eb ligjin\u201d nuk kishin asgj\u00eb p\u00ebr t\u2019u frik\u00ebsuar.<\/p>\n<p>P\u00ebrdorimi i tij i shprehjes \u201cfrancez\u00eb me origjin\u00eb t\u00eb huaj\u201d u kap nga kund\u00ebrshtar\u00ebt. Kushtetuta franceze nuk b\u00ebn dallim midis francez\u00ebve \u2013 n\u00ebse ata jan\u00eb francez\u00eb nga lindja, jan\u00eb me shtet\u00ebsi t\u00eb dyfisht\u00eb, ose kan\u00eb marr\u00eb shtet\u00ebsin\u00eb si i rritur pasi kan\u00eb jetuar dhe punuar n\u00eb Franc\u00eb.<\/p>\n<p>T\u00eb gjith\u00eb jan\u00eb t\u00eb nj\u00ebjt\u00eb n\u00eb syt\u00eb e ligjit. Numri i sakt\u00eb i shtetasve t\u00eb dyfisht\u00eb n\u00eb Franc\u00eb nuk dihet sepse nuk \u00ebsht\u00eb nj\u00eb pyetje e b\u00ebr\u00eb n\u00eb regjistrim. Vler\u00ebsohet t\u00eb jet\u00eb midis 3.3 milion dhe 5 milion njer\u00ebz. RN gjithashtu synon t\u00eb heq\u00eb t\u00eb drejtat e komb\u00ebsis\u00eb p\u00ebr f\u00ebmij\u00ebt e lindur dhe rritur n\u00eb Franc\u00eb nga prind\u00ebr t\u00eb huaj.<\/p>\n<p>Pierre Ouzoulias, nj\u00eb senator komunist, shkroi n\u00eb X se ideja p\u00ebr t\u00eb ndaluar shtetasit e duas\u00eb nga disa pun\u00eb tregoi se RN kishte nj\u00eb \u201cvizion etnik t\u00eb kombit q\u00eb dallon francez\u00ebt e mir\u00eb dhe t\u00eb k\u00ebqij sipas origjin\u00ebs s\u00eb tyre\u201d.<\/p>\n<p><em>Marr\u00eb nga The Guardian, p\u00ebrshtatur p\u00ebr Albanian Post<\/em><\/p>\n<p>The post <a rel=\"nofollow\" href=\"https:\/\/albanianpost.com\/bardella-premton-te-ndaloje-shtetasit-e-dyfishte-nga-disa-pune-shteterore-ne-france\/\">Bardella premton t\u00eb ndaloj\u00eb shtetasit e dyfisht\u00eb nga disa pun\u00eb shtet\u00ebrore n\u00eb Franc\u00eb<\/a> appeared first on <a rel=\"nofollow\" href=\"https:\/\/albanianpost.com\/\">Albanian Post<\/a>.<\/p>\n","protected":false},"excerpt":{"rendered":"<p>Premtimi i Bashkimit Komb\u00ebtar t\u00eb ekstremit t\u00eb djatht\u00eb p\u00ebr t\u00eb ndaluar shtetasit e dyfisht\u00eb nga disa pun\u00eb shtet\u00ebrore n\u00eb Franc\u00eb \u00ebsht\u00eb kritikuar nga e majta dhe centrist\u00ebt t\u00eb cil\u00ebt thon\u00eb se \u00ebsht\u00eb nj\u00eb shije e diskriminimit m\u00eb t\u00eb gjer\u00eb q\u00eb mund t\u00eb zbatohet n\u00ebse partia vjen n\u00eb pushtet n\u00eb zgjedhje t\u00eb parakohshme. Jordan Bardella, i [&hellip;]<\/p>\n","protected":false},"author":1,"featured_media":5433,"comment_status":"open","ping_status":"open","sticky":false,"template":"","format":"standard","meta":{"footnotes":""},"categories":[1],"tags":[],"class_list":["post-5432","post","type-post","status-publish","format-standard","has-post-thumbnail","hentry","category-uncategorized"],"_links":{"self":[{"href":"https:\/\/radiogjilani.com\/index.php\/wp-json\/wp\/v2\/posts\/5432","targetHints":{"allow":["GET"]}}],"collection":[{"href":"https:\/\/radiogjilani.com\/index.php\/wp-json\/wp\/v2\/posts"}],"about":[{"href":"https:\/\/radiogjilani.com\/index.php\/wp-json\/wp\/v2\/types\/post"}],"author":[{"embeddable":true,"href":"https:\/\/radiogjilani.com\/index.php\/wp-json\/wp\/v2\/users\/1"}],"replies":[{"embeddable":true,"href":"https:\/\/radiogjilani.com\/index.php\/wp-json\/wp\/v2\/comments?post=5432"}],"version-history":[{"count":0,"href":"https:\/\/radiogjilani.com\/index.php\/wp-json\/wp\/v2\/posts\/5432\/revisions"}],"wp:featuredmedia":[{"embeddable":true,"href":"https:\/\/radiogjilani.com\/index.php\/wp-json\/wp\/v2\/media\/5433"}],"wp:attachment":[{"href":"https:\/\/radiogjilani.com\/index.php\/wp-json\/wp\/v2\/media?parent=5432"}],"wp:term":[{"taxonomy":"category","embeddable":true,"href":"https:\/\/radiogjilani.com\/index.php\/wp-json\/wp\/v2\/categories?post=5432"},{"taxonomy":"post_tag","embeddable":true,"href":"https:\/\/radiogjilani.com\/index.php\/wp-json\/wp\/v2\/tags?post=5432"}],"curies":[{"name":"wp","href":"https:\/\/api.w.org\/{rel}","templated":true}]}}