{"id":5434,"date":"2024-06-25T19:26:52","date_gmt":"2024-06-25T19:26:52","guid":{"rendered":"https:\/\/radiogjilani.com\/index.php\/2024\/06\/25\/gervalla-presidentit-te-komitetit-te-ministrave-te-kie-se-i-kemi-plotesuar-te-gjitha-kushtet-per-anetaresim\/"},"modified":"2024-06-25T19:26:52","modified_gmt":"2024-06-25T19:26:52","slug":"gervalla-presidentit-te-komitetit-te-ministrave-te-kie-se-i-kemi-plotesuar-te-gjitha-kushtet-per-anetaresim","status":"publish","type":"post","link":"https:\/\/radiogjilani.com\/index.php\/2024\/06\/25\/gervalla-presidentit-te-komitetit-te-ministrave-te-kie-se-i-kemi-plotesuar-te-gjitha-kushtet-per-anetaresim\/","title":{"rendered":"G\u00ebrvalla, presidentit t\u00eb Komitetit t\u00eb Ministrave t\u00eb KiE-s\u00eb: I kemi plot\u00ebsuar t\u00eb gjitha kushtet p\u00ebr an\u00ebtar\u00ebsim"},"content":{"rendered":"<p>Ministrja e Pun\u00ebve t\u00eb Jashtme t\u00eb Kosov\u00ebs, Donika G\u00ebrvalla, t\u00eb mart\u00ebn n\u00eb Strasburg t\u00eb Franc\u00ebs, ka takuar presidentin e Komitetit t\u00eb Ministrave t\u00eb K\u00ebshillit t\u00eb Evrop\u00ebs, Gabrielius Landsbergis, me \u00e7\u2019rast tema kryesore e diskutuar ka qen\u00eb p\u00ebrmbyllja e procesit t\u00eb an\u00ebtar\u00ebsimit t\u00eb plot\u00eb t\u00eb Kosov\u00ebs n\u00eb k\u00ebt\u00eb organizat\u00eb nd\u00ebrkomb\u00ebtare.<\/p>\n<p>\u201cGjat\u00eb k\u00ebtij takimi Ministrja G\u00ebrvalla, e shoq\u00ebruar nga N\u00ebnkryetarja e Kuvendit t\u00eb Kosov\u00ebs, Saranda Bogujevci dhe Ambasadori Lulzim Hiseni e uroi Ministrin Landsbergis p\u00ebr marrjen e Presidenc\u00ebs s\u00eb K\u00ebshillit t\u00eb Evrop\u00ebs dhe shprehu mir\u00ebnjohje t\u00eb thell\u00eb p\u00ebr mb\u00ebshtetjen q\u00eb Lituania i ka dh\u00ebn\u00eb Republik\u00ebs s\u00eb Kosov\u00ebs p\u00ebr an\u00ebtar\u00ebsim n\u00eb K\u00ebshillin e Evrop\u00ebs\u201d, thuhet n\u00eb komunikat\u00ebn p\u00ebr media e l\u00ebshuar nga Ministria e Pun\u00ebve t\u00eb Jashtme.<\/p>\n<p>Gjat\u00eb takimit, si\u00e7 thuhet n\u00eb komunikat\u00eb, kryediplomatja ka potencuar se Kosova i ka plot\u00ebsuar t\u00eb gjitha kushtet p\u00ebr an\u00ebtar\u00ebsim n\u00eb KiE, gj\u00eb e cila \u00ebsht\u00eb konfirmuar edhe nga Asambleja Parlamentare e KiE-s\u00eb.<\/p>\n<p>G\u00ebrvalla, gjat\u00eb takimit, ka ofruar edhe bashk\u00ebpunimin e institucioneve t\u00eb Kosov\u00ebs me \u201cq\u00ebllim q\u00eb sa m\u00eb par\u00eb t\u00eb mund t\u00eb mblidhet Komiteti i Ministrave p\u00ebr t\u00eb marr\u00eb vendimin historik p\u00ebr an\u00ebtar\u00ebsimin e Republik\u00ebs s\u00eb Kosov\u00ebs n\u00eb K\u00ebshillin e Evrop\u00ebs\u201d.<\/p>\n<div class=\"iframe-container\">\n<p><a href=\"https:\/\/track.adform.net\/C\/?bn=73199340;C=0\" target=\"_blank\" rel=\"noopener\"><\/p>\n<p><img loading=\"lazy\" decoding=\"async\" src=\"https:\/\/track.adform.net\/adfserve\/?bn=73199340;srctype=4;ord=%5Btimestamp%5D\" border=\"0\" width=\"300\" height=\"250\" alt=\"\"><\/p>\n<p><\/a><\/p><\/div>\n<p>Kosova nuk ishte n\u00eb agjend\u00ebn e Komitetit t\u00eb Ministrave t\u00eb K\u00ebshillit t\u00eb Evrop\u00ebs, ku do t\u00eb votohej pro ose kund\u00ebr an\u00ebtar\u00ebsimit t\u00eb Kosov\u00ebs n\u00eb k\u00ebt\u00eb organiz\u00ebm nd\u00ebrkomb\u00ebtar.<\/p>\n<p>Arsyeja e mos-trajtimit t\u00eb \u00e7\u00ebshtjes s\u00eb Kosov\u00ebs n\u00eb Komitetin e Ministrave ishte kushti q\u00eb Franca, Gjermania e Italia artikuluan publikisht, e q\u00eb Kosova refuzoi ta plot\u00ebsoj\u00eb me arsyetimin se k\u00ebrkesa ishte absurde.<\/p>\n<p>Shtetet m\u00eb t\u00eb fuqishme brenda Bashkimit Evropian k\u00ebrkuan q\u00eb Kosova t\u00eb procedoj\u00eb tutje me Asociacionin \u2013 t\u00eb pakt\u00ebn ta d\u00ebrgoj\u00eb draft-statusin e k\u00ebtij mekanizmi n\u00eb Gjykat\u00eb Kushtetuese p\u00ebr shqyrtim.<\/p>\n<p>The post <a rel=\"nofollow\" href=\"https:\/\/albanianpost.com\/gervalla-presidentit-te-komitetit-te-ministrave-te-kie-se-i-kemi-plotesuar-te-gjitha-kushtet-per-anetaresim\/\">G\u00ebrvalla, presidentit t\u00eb Komitetit t\u00eb Ministrave t\u00eb KiE-s\u00eb: I kemi plot\u00ebsuar t\u00eb gjitha kushtet p\u00ebr an\u00ebtar\u00ebsim<\/a> appeared first on <a rel=\"nofollow\" href=\"https:\/\/albanianpost.com\/\">Albanian Post<\/a>.<\/p>\n","protected":false},"excerpt":{"rendered":"<p>Ministrja e Pun\u00ebve t\u00eb Jashtme t\u00eb Kosov\u00ebs, Donika G\u00ebrvalla, t\u00eb mart\u00ebn n\u00eb Strasburg t\u00eb Franc\u00ebs, ka takuar presidentin e Komitetit t\u00eb Ministrave t\u00eb K\u00ebshillit t\u00eb Evrop\u00ebs, Gabrielius Landsbergis, me \u00e7\u2019rast tema kryesore e diskutuar ka qen\u00eb p\u00ebrmbyllja e procesit t\u00eb an\u00ebtar\u00ebsimit t\u00eb plot\u00eb t\u00eb Kosov\u00ebs n\u00eb k\u00ebt\u00eb organizat\u00eb nd\u00ebrkomb\u00ebtare. \u201cGjat\u00eb k\u00ebtij takimi Ministrja G\u00ebrvalla, e [&hellip;]<\/p>\n","protected":false},"author":1,"featured_media":5435,"comment_status":"open","ping_status":"open","sticky":false,"template":"","format":"standard","meta":{"footnotes":""},"categories":[1],"tags":[],"class_list":["post-5434","post","type-post","status-publish","format-standard","has-post-thumbnail","hentry","category-uncategorized"],"_links":{"self":[{"href":"https:\/\/radiogjilani.com\/index.php\/wp-json\/wp\/v2\/posts\/5434","targetHints":{"allow":["GET"]}}],"collection":[{"href":"https:\/\/radiogjilani.com\/index.php\/wp-json\/wp\/v2\/posts"}],"about":[{"href":"https:\/\/radiogjilani.com\/index.php\/wp-json\/wp\/v2\/types\/post"}],"author":[{"embeddable":true,"href":"https:\/\/radiogjilani.com\/index.php\/wp-json\/wp\/v2\/users\/1"}],"replies":[{"embeddable":true,"href":"https:\/\/radiogjilani.com\/index.php\/wp-json\/wp\/v2\/comments?post=5434"}],"version-history":[{"count":0,"href":"https:\/\/radiogjilani.com\/index.php\/wp-json\/wp\/v2\/posts\/5434\/revisions"}],"wp:featuredmedia":[{"embeddable":true,"href":"https:\/\/radiogjilani.com\/index.php\/wp-json\/wp\/v2\/media\/5435"}],"wp:attachment":[{"href":"https:\/\/radiogjilani.com\/index.php\/wp-json\/wp\/v2\/media?parent=5434"}],"wp:term":[{"taxonomy":"category","embeddable":true,"href":"https:\/\/radiogjilani.com\/index.php\/wp-json\/wp\/v2\/categories?post=5434"},{"taxonomy":"post_tag","embeddable":true,"href":"https:\/\/radiogjilani.com\/index.php\/wp-json\/wp\/v2\/tags?post=5434"}],"curies":[{"name":"wp","href":"https:\/\/api.w.org\/{rel}","templated":true}]}}