{"id":5500,"date":"2024-06-27T20:20:27","date_gmt":"2024-06-27T20:20:27","guid":{"rendered":"https:\/\/radiogjilani.com\/index.php\/2024\/06\/27\/svecla-per-gjetjen-e-kamerave-ne-veri-serbia-i-monitoronte-qytetaret-e-institucionet-tona-te-sigurise\/"},"modified":"2024-06-27T20:20:27","modified_gmt":"2024-06-27T20:20:27","slug":"svecla-per-gjetjen-e-kamerave-ne-veri-serbia-i-monitoronte-qytetaret-e-institucionet-tona-te-sigurise","status":"publish","type":"post","link":"https:\/\/radiogjilani.com\/index.php\/2024\/06\/27\/svecla-per-gjetjen-e-kamerave-ne-veri-serbia-i-monitoronte-qytetaret-e-institucionet-tona-te-sigurise\/","title":{"rendered":"Sve\u00e7la p\u00ebr gjetjen e kamerave n\u00eb veri: Serbia i monitoronte qytetar\u00ebt e institucionet tona t\u00eb siguris\u00eb"},"content":{"rendered":"<p>Ministri i Pun\u00ebve t\u00eb Brendshme, Xhelal Sve\u00e7la, ka reaguar pasi sot jan\u00eb identifikuar dhe sekuestruar dy kamera t\u00eb kamufluara n\u00eb dy lokacione dhe pajisje t\u00eb tjera ndihm\u00ebse t\u00eb komunikimit. Sve\u00e7la tha se nga k\u00ebto dy kamera dhe pajisje t\u00eb komunikimit, institucionet e Serbis\u00eb kan\u00eb monitoruar l\u00ebvizjet e qytetar\u00ebve, zyrtar\u00ebve t\u00eb institucioneve t\u00eb Kosov\u00ebs dhe institucioneve nd\u00ebrkomb\u00ebtare q\u00eb veprojn\u00eb n\u00eb&#8230;<\/p>\n<p><a href=\"https:\/\/ekonomiaonline.com\/svecla-per-gjetjen-e-kamerave-ne-veri-serbia-i-monitoronte-qytetaret-e-institucionet-tona-te-sigurise\/\" rel=\"nofollow\">Source<\/a><\/p>\n","protected":false},"excerpt":{"rendered":"<p>Ministri i Pun\u00ebve t\u00eb Brendshme, Xhelal Sve\u00e7la, ka reaguar pasi sot jan\u00eb identifikuar dhe sekuestruar dy kamera t\u00eb kamufluara n\u00eb dy lokacione dhe pajisje t\u00eb tjera ndihm\u00ebse t\u00eb komunikimit. Sve\u00e7la tha se nga k\u00ebto dy kamera dhe pajisje t\u00eb komunikimit, institucionet e Serbis\u00eb kan\u00eb monitoruar l\u00ebvizjet e qytetar\u00ebve, zyrtar\u00ebve t\u00eb institucioneve t\u00eb Kosov\u00ebs dhe institucioneve [&hellip;]<\/p>\n","protected":false},"author":1,"featured_media":5501,"comment_status":"open","ping_status":"open","sticky":false,"template":"","format":"standard","meta":{"footnotes":""},"categories":[19],"tags":[],"class_list":["post-5500","post","type-post","status-publish","format-standard","has-post-thumbnail","hentry","category-eko"],"_links":{"self":[{"href":"https:\/\/radiogjilani.com\/index.php\/wp-json\/wp\/v2\/posts\/5500","targetHints":{"allow":["GET"]}}],"collection":[{"href":"https:\/\/radiogjilani.com\/index.php\/wp-json\/wp\/v2\/posts"}],"about":[{"href":"https:\/\/radiogjilani.com\/index.php\/wp-json\/wp\/v2\/types\/post"}],"author":[{"embeddable":true,"href":"https:\/\/radiogjilani.com\/index.php\/wp-json\/wp\/v2\/users\/1"}],"replies":[{"embeddable":true,"href":"https:\/\/radiogjilani.com\/index.php\/wp-json\/wp\/v2\/comments?post=5500"}],"version-history":[{"count":0,"href":"https:\/\/radiogjilani.com\/index.php\/wp-json\/wp\/v2\/posts\/5500\/revisions"}],"wp:featuredmedia":[{"embeddable":true,"href":"https:\/\/radiogjilani.com\/index.php\/wp-json\/wp\/v2\/media\/5501"}],"wp:attachment":[{"href":"https:\/\/radiogjilani.com\/index.php\/wp-json\/wp\/v2\/media?parent=5500"}],"wp:term":[{"taxonomy":"category","embeddable":true,"href":"https:\/\/radiogjilani.com\/index.php\/wp-json\/wp\/v2\/categories?post=5500"},{"taxonomy":"post_tag","embeddable":true,"href":"https:\/\/radiogjilani.com\/index.php\/wp-json\/wp\/v2\/tags?post=5500"}],"curies":[{"name":"wp","href":"https:\/\/api.w.org\/{rel}","templated":true}]}}