{"id":5502,"date":"2024-06-27T20:20:26","date_gmt":"2024-06-27T20:20:26","guid":{"rendered":"https:\/\/radiogjilani.com\/index.php\/2024\/06\/27\/ne-40-vitet-e-fundit-gazetaret-ne-kosove-u-kane-prire-proceseve-demokratike-dhe-perpjekjeve-per-liri-e-pavaresi\/"},"modified":"2024-06-27T20:20:26","modified_gmt":"2024-06-27T20:20:26","slug":"ne-40-vitet-e-fundit-gazetaret-ne-kosove-u-kane-prire-proceseve-demokratike-dhe-perpjekjeve-per-liri-e-pavaresi","status":"publish","type":"post","link":"https:\/\/radiogjilani.com\/index.php\/2024\/06\/27\/ne-40-vitet-e-fundit-gazetaret-ne-kosove-u-kane-prire-proceseve-demokratike-dhe-perpjekjeve-per-liri-e-pavaresi\/","title":{"rendered":"N\u00eb 40 vitet e fundit, gazetar\u00ebt n\u00eb Kosov\u00eb u kan\u00eb prir\u00eb proceseve demokratike dhe p\u00ebrpjekjeve p\u00ebr liri e pavar\u00ebsi"},"content":{"rendered":"<p>Mediat n\u00eb Kosov\u00eb. Nj\u00eb nga njer\u00ebzit m\u00eb t\u00eb posht\u00ebr n\u00eb historin\u00eb e Kosov\u00ebs, deputeti i VV-s\u00eb, Dimal Basha, i paska fyer r\u00ebnd\u00eb gazetar\u00ebt e mediat n\u00eb Kosov\u00eb. Mediat kishin rol vendimtar gjate viteve 80-t\u00eb, duke iu kund\u00ebrv\u00ebn\u00eb shovenizmit serb t\u00eb Millosheviqit dhe duke e demaskuar at\u00eb me shum\u00eb sukses. Po nga gazetar\u00eb u inicua e n\u00ebnshkrua peticioni i 215 intelektual\u00ebve t\u00eb cil\u00ebt me em\u00ebr e mbiem\u00ebr dol\u00ebn&#8230;<\/p>\n<p><a href=\"https:\/\/ekonomiaonline.com\/ne-40-vitet-e-fundit-gazetaret-ne-kosove-u-kane-prire-proceseve-demokratike-dhe-perpjekjeve-per-liri-e-pavaresi\/\" rel=\"nofollow\">Source<\/a><\/p>\n","protected":false},"excerpt":{"rendered":"<p>Mediat n\u00eb Kosov\u00eb. Nj\u00eb nga njer\u00ebzit m\u00eb t\u00eb posht\u00ebr n\u00eb historin\u00eb e Kosov\u00ebs, deputeti i VV-s\u00eb, Dimal Basha, i paska fyer r\u00ebnd\u00eb gazetar\u00ebt e mediat n\u00eb Kosov\u00eb. Mediat kishin rol vendimtar gjate viteve 80-t\u00eb, duke iu kund\u00ebrv\u00ebn\u00eb shovenizmit serb t\u00eb Millosheviqit dhe duke e demaskuar at\u00eb me shum\u00eb sukses. Po nga gazetar\u00eb u inicua e [&hellip;]<\/p>\n","protected":false},"author":1,"featured_media":5503,"comment_status":"open","ping_status":"open","sticky":false,"template":"","format":"standard","meta":{"footnotes":""},"categories":[19],"tags":[],"class_list":["post-5502","post","type-post","status-publish","format-standard","has-post-thumbnail","hentry","category-eko"],"_links":{"self":[{"href":"https:\/\/radiogjilani.com\/index.php\/wp-json\/wp\/v2\/posts\/5502","targetHints":{"allow":["GET"]}}],"collection":[{"href":"https:\/\/radiogjilani.com\/index.php\/wp-json\/wp\/v2\/posts"}],"about":[{"href":"https:\/\/radiogjilani.com\/index.php\/wp-json\/wp\/v2\/types\/post"}],"author":[{"embeddable":true,"href":"https:\/\/radiogjilani.com\/index.php\/wp-json\/wp\/v2\/users\/1"}],"replies":[{"embeddable":true,"href":"https:\/\/radiogjilani.com\/index.php\/wp-json\/wp\/v2\/comments?post=5502"}],"version-history":[{"count":0,"href":"https:\/\/radiogjilani.com\/index.php\/wp-json\/wp\/v2\/posts\/5502\/revisions"}],"wp:featuredmedia":[{"embeddable":true,"href":"https:\/\/radiogjilani.com\/index.php\/wp-json\/wp\/v2\/media\/5503"}],"wp:attachment":[{"href":"https:\/\/radiogjilani.com\/index.php\/wp-json\/wp\/v2\/media?parent=5502"}],"wp:term":[{"taxonomy":"category","embeddable":true,"href":"https:\/\/radiogjilani.com\/index.php\/wp-json\/wp\/v2\/categories?post=5502"},{"taxonomy":"post_tag","embeddable":true,"href":"https:\/\/radiogjilani.com\/index.php\/wp-json\/wp\/v2\/tags?post=5502"}],"curies":[{"name":"wp","href":"https:\/\/api.w.org\/{rel}","templated":true}]}}