{"id":5520,"date":"2024-06-27T20:20:56","date_gmt":"2024-06-27T20:20:56","guid":{"rendered":"https:\/\/radiogjilani.com\/index.php\/2024\/06\/27\/kurti-mirenjohes-ndaj-serwerit-per-keshillat-e-mencura-rreth-problemeve-te-kosoves\/"},"modified":"2024-06-27T20:20:56","modified_gmt":"2024-06-27T20:20:56","slug":"kurti-mirenjohes-ndaj-serwerit-per-keshillat-e-mencura-rreth-problemeve-te-kosoves","status":"publish","type":"post","link":"https:\/\/radiogjilani.com\/index.php\/2024\/06\/27\/kurti-mirenjohes-ndaj-serwerit-per-keshillat-e-mencura-rreth-problemeve-te-kosoves\/","title":{"rendered":"Kurti mir\u00ebnjoh\u00ebs ndaj Serwerit p\u00ebr \u201ck\u00ebshillat e men\u00e7ura\u201d rreth problemeve t\u00eb Kosov\u00ebs"},"content":{"rendered":"<p>Kryeministri i Kosov\u00ebs, Albin Kurti, ka pritur t\u00eb enjten n\u00eb nj\u00eb takim miq\u00ebsor profesorin e njohur amerikan, Daniel Serwer, t\u00eb cilin e ka fal\u00ebnderuar p\u00ebr analizat dhe k\u00ebshillat, posa\u00e7\u00ebrisht rreth zhvillimeve politike n\u00eb Kosov\u00eb. Kurti, p\u00ebrmes nj\u00eb postimi n\u00eb plaform\u00ebn \u201cX\u201d n\u00eb mbr\u00ebmje, theksoi se Serwer \u00ebsht\u00eb \u201cnj\u00eb diplomat i madh dhe nj\u00eb mik edhe m\u00eb i madh\u201d i Kosov\u00ebs.<\/p>\n<p>\u201cKy \u00ebsht\u00eb i fundit nga takimet e shumta q\u00eb kemi pasur gjat\u00eb m\u00eb shum\u00eb se dy dekadave, por hera e par\u00eb q\u00eb pata privilegjin ta mir\u00ebpres n\u00eb Zyr\u00ebn e Kryeministrit. Si gjithmon\u00eb, jam mir\u00ebnjoh\u00ebs p\u00ebr analiz\u00ebn e tij t\u00eb mbreht\u00eb dhe k\u00ebshillat e tij t\u00eb men\u00e7ura p\u00ebr \u00e7\u00ebshtjet m\u00eb t\u00eb r\u00ebnd\u00ebsishme me t\u00eb cilat p\u00ebrballet Republika jon\u00eb dhe qytetar\u00ebt e saj, dhe rajoni n\u00eb t\u00ebr\u00ebsi\u201d, ka th\u00ebn\u00eb ai.<\/p>\n<p>Serwer, specialist n\u00eb fush\u00ebn e menaxhimit t\u00eb konfliktit dhe njoh\u00ebs i zhvillimeve politike n\u00eb Ballkanin Per\u00ebndimor, gjat\u00eb k\u00ebsaj jave ka q\u00ebndruar n\u00eb Kosov\u00eb, ku edhe ka marr\u00eb pjes\u00eb n\u00eb tryez\u00ebn e diskutimit \u201cE ardhmja e dialogut nd\u00ebrmjet Kosov\u00ebs dhe Serbis\u00eb\u201d n\u00ebn patronazhin e Grupit p\u00ebr Studime Politike dhe Juridike (GPLS), q\u00eb u mbajt t\u00eb m\u00ebrkur\u00ebn n\u00eb Prishtin\u00eb.<\/p>\n<p>Ndryshe, profesori amerikan n\u00eb Shkoll\u00ebn p\u00ebr Studime t\u00eb Avancuara Nd\u00ebrkomb\u00ebtare n\u00eb kuad\u00ebr t\u00eb Universitetit Johns Hopkins n\u00eb Uashington njihet gj\u00ebr\u00ebsisht p\u00ebr publikun kosovar. Serwer kontribuon vazhdimisht n\u00eb debatet publike, n\u00eb funksion t\u00eb zgjidhjes s\u00eb mosmarr\u00ebveshjeve, posa\u00e7\u00ebrisht sa i p\u00ebrket procesit t\u00eb normalizimit nd\u00ebrmjet Kosov\u00ebs dhe Serbis\u00eb.<\/p>\n<div class=\"iframe-container\">\n<p><a href=\"https:\/\/track.adform.net\/C\/?bn=73199340;C=0\" target=\"_blank\" rel=\"noopener\"><\/p>\n<p><img loading=\"lazy\" decoding=\"async\" src=\"https:\/\/track.adform.net\/adfserve\/?bn=73199340;srctype=4;ord=%5Btimestamp%5D\" border=\"0\" width=\"300\" height=\"250\" alt=\"\"><\/p>\n<p><\/a><\/p><\/div>\n<p>The post <a rel=\"nofollow\" href=\"https:\/\/albanianpost.com\/kurti-mirenjohes-ndaj-serwerit-per-keshillat-e-mencura-rreth-problemeve-te-kosoves\/\">Kurti mir\u00ebnjoh\u00ebs ndaj Serwerit p\u00ebr \u201ck\u00ebshillat e men\u00e7ura\u201d rreth problemeve t\u00eb Kosov\u00ebs<\/a> appeared first on <a rel=\"nofollow\" href=\"https:\/\/albanianpost.com\/\">Albanian Post<\/a>.<\/p>\n","protected":false},"excerpt":{"rendered":"<p>Kryeministri i Kosov\u00ebs, Albin Kurti, ka pritur t\u00eb enjten n\u00eb nj\u00eb takim miq\u00ebsor profesorin e njohur amerikan, Daniel Serwer, t\u00eb cilin e ka fal\u00ebnderuar p\u00ebr analizat dhe k\u00ebshillat, posa\u00e7\u00ebrisht rreth zhvillimeve politike n\u00eb Kosov\u00eb. Kurti, p\u00ebrmes nj\u00eb postimi n\u00eb plaform\u00ebn \u201cX\u201d n\u00eb mbr\u00ebmje, theksoi se Serwer \u00ebsht\u00eb \u201cnj\u00eb diplomat i madh dhe nj\u00eb mik edhe [&hellip;]<\/p>\n","protected":false},"author":1,"featured_media":5521,"comment_status":"open","ping_status":"open","sticky":false,"template":"","format":"standard","meta":{"footnotes":""},"categories":[1],"tags":[],"class_list":["post-5520","post","type-post","status-publish","format-standard","has-post-thumbnail","hentry","category-uncategorized"],"_links":{"self":[{"href":"https:\/\/radiogjilani.com\/index.php\/wp-json\/wp\/v2\/posts\/5520","targetHints":{"allow":["GET"]}}],"collection":[{"href":"https:\/\/radiogjilani.com\/index.php\/wp-json\/wp\/v2\/posts"}],"about":[{"href":"https:\/\/radiogjilani.com\/index.php\/wp-json\/wp\/v2\/types\/post"}],"author":[{"embeddable":true,"href":"https:\/\/radiogjilani.com\/index.php\/wp-json\/wp\/v2\/users\/1"}],"replies":[{"embeddable":true,"href":"https:\/\/radiogjilani.com\/index.php\/wp-json\/wp\/v2\/comments?post=5520"}],"version-history":[{"count":0,"href":"https:\/\/radiogjilani.com\/index.php\/wp-json\/wp\/v2\/posts\/5520\/revisions"}],"wp:featuredmedia":[{"embeddable":true,"href":"https:\/\/radiogjilani.com\/index.php\/wp-json\/wp\/v2\/media\/5521"}],"wp:attachment":[{"href":"https:\/\/radiogjilani.com\/index.php\/wp-json\/wp\/v2\/media?parent=5520"}],"wp:term":[{"taxonomy":"category","embeddable":true,"href":"https:\/\/radiogjilani.com\/index.php\/wp-json\/wp\/v2\/categories?post=5520"},{"taxonomy":"post_tag","embeddable":true,"href":"https:\/\/radiogjilani.com\/index.php\/wp-json\/wp\/v2\/tags?post=5520"}],"curies":[{"name":"wp","href":"https:\/\/api.w.org\/{rel}","templated":true}]}}