{"id":5522,"date":"2024-06-27T20:20:55","date_gmt":"2024-06-27T20:20:55","guid":{"rendered":"https:\/\/radiogjilani.com\/index.php\/2024\/06\/27\/vucic-kam-qene-i-gatshem-per-kompromis-por-kurti-deshiron-vec-njohje-de-jure-jo-de-facto-por-de-jure\/"},"modified":"2024-06-27T20:20:55","modified_gmt":"2024-06-27T20:20:55","slug":"vucic-kam-qene-i-gatshem-per-kompromis-por-kurti-deshiron-vec-njohje-de-jure-jo-de-facto-por-de-jure","status":"publish","type":"post","link":"https:\/\/radiogjilani.com\/index.php\/2024\/06\/27\/vucic-kam-qene-i-gatshem-per-kompromis-por-kurti-deshiron-vec-njohje-de-jure-jo-de-facto-por-de-jure\/","title":{"rendered":"Vu\u00e7i\u00e7: Kam qen\u00eb i gatsh\u00ebm p\u00ebr kompromis, por Kurti d\u00ebshiron ve\u00e7 njohje de jure \u2013 jo de facto, por de jure"},"content":{"rendered":"<p>Presidenti i Serbis\u00eb, Aleksandar Vu\u00e7i\u00e7, n\u00eb nj\u00eb paraqitje televizive t\u00eb enjten n\u00eb mbr\u00ebmje, pretendoi se p\u00ebr shkak t\u00eb insistimit t\u00eb kryeministrit t\u00eb Kosov\u00ebs, Albin Kurti, q\u00eb Serbia ta formalizoj\u00eb njohjen e Kosov\u00ebs, d\u00ebshtoi edhe takimi i planifikuar n\u00eb kuad\u00ebr t\u00eb procesit t\u00eb dialogut p\u00ebr normalizimin e marr\u00ebdh\u00ebnieve Kosov\u00eb-Serbi n\u00ebn leht\u00ebsimin e\u00a0Bashkimit Evropian (BE).<\/p>\n<p>Duke folur p\u00ebr refuzimin e kryeministrit Kurti q\u00eb ta takoj\u00eb t\u00eb m\u00ebrkur\u00ebn n\u00eb Bruksel t\u00eb Belgjik\u00ebs, presidenti serb theksoi: \u201cAi nuk ka dashur\u2026 nuk ka mundur. Nuk ka pasur dialog sepse ata nuk duan dialog, duan njohje <em>de jure<\/em> p\u00ebrmes tre kushteve. Kjo nuk \u00ebsht\u00eb njohje <em>de facto<\/em>, kjo \u00ebsht\u00eb njohje <em>de jure<\/em> dhe kjo \u00ebsht\u00eb ajo q\u00eb ata k\u00ebrkojn\u00eb, kjo \u00ebsht\u00eb ajo q\u00eb ata d\u00ebshirojn\u00eb\u201d.<\/p>\n<p>\u201cNe kemi dashur t\u00eb diskutojm\u00eb p\u00ebr zgjidhjen e problemeve n\u00ebp\u00ebrmjet kompromisit, por e kam ditur q\u00eb n\u00eb fillim se ata nuk jan\u00eb t\u00eb gatsh\u00ebm p\u00ebr k\u00ebt\u00eb\u2026 Ne jemi t\u00eb gatsh\u00ebm t\u00eb bisedojm\u00eb, por nuk shoh mund\u00ebsi serioze p\u00ebr vazhdimin e dialogut n\u00eb t\u00eb ardhmen e af\u00ebrt\u201d, shtoi mes tjerash ai.<\/p>\n<p>Ndryshe, pavar\u00ebsisht p\u00ebrpjekjeve t\u00eb shefit t\u00eb diplomacis\u00eb evropiane, Josep Borrell, kryeministri kosovar dhe presidenti serb nuk u ul\u00ebn n\u00eb tryez\u00ebn e negociatave. Kryeministri Kurti paraqiti tri kushte p\u00ebr angazhimin e m\u00ebtejm\u00eb n\u00eb procesin e dialogut p\u00ebr normalizimin e marr\u00ebdh\u00ebnieve.<\/p>\n<div class=\"iframe-container\">\n<p><a href=\"https:\/\/track.adform.net\/C\/?bn=73199340;C=0\" target=\"_blank\" rel=\"noopener\"><\/p>\n<p><img loading=\"lazy\" decoding=\"async\" src=\"https:\/\/track.adform.net\/adfserve\/?bn=73199340;srctype=4;ord=%5Btimestamp%5D\" border=\"0\" width=\"300\" height=\"250\" alt=\"\"><\/p>\n<p><\/a><\/p><\/div>\n<p>E kushtet e vendosura nga Kurti p\u00ebr ta takuar Vu\u00e7i\u00e7in kan\u00eb qen\u00eb formalizimi i Marr\u00ebveshjes Baz\u00eb apo n\u00ebnshkrimi nga lider\u00ebt e t\u00eb dyja shteteve, t\u00ebrheqja e letr\u00ebs t\u00eb dor\u00ebzuar n\u00eb BE nga ish-kryeministrja serbe, Ana B\u00ebrnabi\u00e7, si dhe dor\u00ebzimi i udh\u00ebheq\u00ebsit t\u00eb grupit terrorist q\u00eb sulmoi Policin\u00eb e Kosov\u00ebs vitin e kaluar, Millan Radoi\u00e7i\u00e7, para autoriteteve gjyq\u00ebsore t\u00eb Kosov\u00ebs.<\/p>\n<p>Kosova dhe Serbia arrit\u00ebn nj\u00eb marr\u00ebveshje p\u00ebr rrug\u00ebn drejt normalizimin e marr\u00ebdh\u00ebnieve n\u00eb fillim t\u00eb vitit t\u00eb kaluar. Por, p\u00ebrkund\u00ebr insistimit t\u00eb diplomat\u00ebve evropian\u00eb se marr\u00ebveshja \u00ebsht\u00eb ligj\u00ebrisht e detyrueshme, ata nuk kan\u00eb arritur akoma t\u2019i bindin pal\u00ebt q\u00eb ta zbatojn\u00eb t\u00eb nj\u00ebjt\u00ebn.<\/p>\n<p>The post <a rel=\"nofollow\" href=\"https:\/\/albanianpost.com\/vucic-kam-qene-i-gatshem-per-kompromis-por-kurti-deshiron-vec-njohje-de-jure-jo-de-facto-por-de-jure\/\">Vu\u00e7i\u00e7: Kam qen\u00eb i gatsh\u00ebm p\u00ebr kompromis, por Kurti d\u00ebshiron ve\u00e7 njohje de jure \u2013 jo de facto, por de jure<\/a> appeared first on <a rel=\"nofollow\" href=\"https:\/\/albanianpost.com\/\">Albanian Post<\/a>.<\/p>\n","protected":false},"excerpt":{"rendered":"<p>Presidenti i Serbis\u00eb, Aleksandar Vu\u00e7i\u00e7, n\u00eb nj\u00eb paraqitje televizive t\u00eb enjten n\u00eb mbr\u00ebmje, pretendoi se p\u00ebr shkak t\u00eb insistimit t\u00eb kryeministrit t\u00eb Kosov\u00ebs, Albin Kurti, q\u00eb Serbia ta formalizoj\u00eb njohjen e Kosov\u00ebs, d\u00ebshtoi edhe takimi i planifikuar n\u00eb kuad\u00ebr t\u00eb procesit t\u00eb dialogut p\u00ebr normalizimin e marr\u00ebdh\u00ebnieve Kosov\u00eb-Serbi n\u00ebn leht\u00ebsimin e\u00a0Bashkimit Evropian (BE). Duke folur [&hellip;]<\/p>\n","protected":false},"author":1,"featured_media":5523,"comment_status":"open","ping_status":"open","sticky":false,"template":"","format":"standard","meta":{"footnotes":""},"categories":[1],"tags":[],"class_list":["post-5522","post","type-post","status-publish","format-standard","has-post-thumbnail","hentry","category-uncategorized"],"_links":{"self":[{"href":"https:\/\/radiogjilani.com\/index.php\/wp-json\/wp\/v2\/posts\/5522","targetHints":{"allow":["GET"]}}],"collection":[{"href":"https:\/\/radiogjilani.com\/index.php\/wp-json\/wp\/v2\/posts"}],"about":[{"href":"https:\/\/radiogjilani.com\/index.php\/wp-json\/wp\/v2\/types\/post"}],"author":[{"embeddable":true,"href":"https:\/\/radiogjilani.com\/index.php\/wp-json\/wp\/v2\/users\/1"}],"replies":[{"embeddable":true,"href":"https:\/\/radiogjilani.com\/index.php\/wp-json\/wp\/v2\/comments?post=5522"}],"version-history":[{"count":0,"href":"https:\/\/radiogjilani.com\/index.php\/wp-json\/wp\/v2\/posts\/5522\/revisions"}],"wp:featuredmedia":[{"embeddable":true,"href":"https:\/\/radiogjilani.com\/index.php\/wp-json\/wp\/v2\/media\/5523"}],"wp:attachment":[{"href":"https:\/\/radiogjilani.com\/index.php\/wp-json\/wp\/v2\/media?parent=5522"}],"wp:term":[{"taxonomy":"category","embeddable":true,"href":"https:\/\/radiogjilani.com\/index.php\/wp-json\/wp\/v2\/categories?post=5522"},{"taxonomy":"post_tag","embeddable":true,"href":"https:\/\/radiogjilani.com\/index.php\/wp-json\/wp\/v2\/tags?post=5522"}],"curies":[{"name":"wp","href":"https:\/\/api.w.org\/{rel}","templated":true}]}}