{"id":5566,"date":"2024-06-28T20:19:53","date_gmt":"2024-06-28T20:19:53","guid":{"rendered":"https:\/\/radiogjilani.com\/index.php\/2024\/06\/28\/limaj-ura-e-saradranit-tregon-takatin-e-kesaj-qeverie-keta-jane-krejt-qyqana\/"},"modified":"2024-06-28T20:19:53","modified_gmt":"2024-06-28T20:19:53","slug":"limaj-ura-e-saradranit-tregon-takatin-e-kesaj-qeverie-keta-jane-krejt-qyqana","status":"publish","type":"post","link":"https:\/\/radiogjilani.com\/index.php\/2024\/06\/28\/limaj-ura-e-saradranit-tregon-takatin-e-kesaj-qeverie-keta-jane-krejt-qyqana\/","title":{"rendered":"Limaj: Ura e Saradranit tregon \u201ctakatin\u201d e k\u00ebsaj qeverie \u2013 k\u00ebta jan\u00eb krejt qyqana"},"content":{"rendered":"<p>Limaj ka konstatuar se kat\u00ebr vitet e k\u00ebsaj qeverie jan\u00eb t\u00eb humbura n\u00eb secil\u00ebn fush\u00eb. Lideri i Nism\u00ebs Socialdemokrate, Fatmir Limaj ka folur edhe p\u00ebr projektet infrastrukturore t\u00eb vendit p\u00ebr t\u00eb cilat ka th\u00ebn\u00eb se jan\u00eb nd\u00ebr sukseset n\u00eb t\u00eb m\u00ebdha t\u00eb qeverive t\u00eb kaluara. Nd\u00ebrsa duke komentuar ceremonin\u00eb e vetme infrastrukturore t\u00eb qeveris\u00eb aktuale, at\u00eb t\u00eb ur\u00ebs s\u00eb Saradranit ka th\u00ebn\u00eb se kjo qeveri kaq ka&#8230;<\/p>\n<p><a href=\"https:\/\/ekonomiaonline.com\/limaj-ura-e-saradranit-tregon-takatin-e-kesaj-qeverie-keta-jane-krejt-qyqana\/\" rel=\"nofollow\">Source<\/a><\/p>\n","protected":false},"excerpt":{"rendered":"<p>Limaj ka konstatuar se kat\u00ebr vitet e k\u00ebsaj qeverie jan\u00eb t\u00eb humbura n\u00eb secil\u00ebn fush\u00eb. Lideri i Nism\u00ebs Socialdemokrate, Fatmir Limaj ka folur edhe p\u00ebr projektet infrastrukturore t\u00eb vendit p\u00ebr t\u00eb cilat ka th\u00ebn\u00eb se jan\u00eb nd\u00ebr sukseset n\u00eb t\u00eb m\u00ebdha t\u00eb qeverive t\u00eb kaluara. Nd\u00ebrsa duke komentuar ceremonin\u00eb e vetme infrastrukturore t\u00eb qeveris\u00eb aktuale, [&hellip;]<\/p>\n","protected":false},"author":1,"featured_media":5567,"comment_status":"open","ping_status":"open","sticky":false,"template":"","format":"standard","meta":{"footnotes":""},"categories":[19],"tags":[],"class_list":["post-5566","post","type-post","status-publish","format-standard","has-post-thumbnail","hentry","category-eko"],"_links":{"self":[{"href":"https:\/\/radiogjilani.com\/index.php\/wp-json\/wp\/v2\/posts\/5566","targetHints":{"allow":["GET"]}}],"collection":[{"href":"https:\/\/radiogjilani.com\/index.php\/wp-json\/wp\/v2\/posts"}],"about":[{"href":"https:\/\/radiogjilani.com\/index.php\/wp-json\/wp\/v2\/types\/post"}],"author":[{"embeddable":true,"href":"https:\/\/radiogjilani.com\/index.php\/wp-json\/wp\/v2\/users\/1"}],"replies":[{"embeddable":true,"href":"https:\/\/radiogjilani.com\/index.php\/wp-json\/wp\/v2\/comments?post=5566"}],"version-history":[{"count":0,"href":"https:\/\/radiogjilani.com\/index.php\/wp-json\/wp\/v2\/posts\/5566\/revisions"}],"wp:featuredmedia":[{"embeddable":true,"href":"https:\/\/radiogjilani.com\/index.php\/wp-json\/wp\/v2\/media\/5567"}],"wp:attachment":[{"href":"https:\/\/radiogjilani.com\/index.php\/wp-json\/wp\/v2\/media?parent=5566"}],"wp:term":[{"taxonomy":"category","embeddable":true,"href":"https:\/\/radiogjilani.com\/index.php\/wp-json\/wp\/v2\/categories?post=5566"},{"taxonomy":"post_tag","embeddable":true,"href":"https:\/\/radiogjilani.com\/index.php\/wp-json\/wp\/v2\/tags?post=5566"}],"curies":[{"name":"wp","href":"https:\/\/api.w.org\/{rel}","templated":true}]}}