{"id":5582,"date":"2024-06-28T20:20:40","date_gmt":"2024-06-28T20:20:40","guid":{"rendered":"https:\/\/radiogjilani.com\/index.php\/2024\/06\/28\/kanadezi-ben-histori-me-zero-vota-ne-zgjedhje-epo-jam-kandidati-i-vertete-i-unitetit\/"},"modified":"2024-06-28T20:20:40","modified_gmt":"2024-06-28T20:20:40","slug":"kanadezi-ben-histori-me-zero-vota-ne-zgjedhje-epo-jam-kandidati-i-vertete-i-unitetit","status":"publish","type":"post","link":"https:\/\/radiogjilani.com\/index.php\/2024\/06\/28\/kanadezi-ben-histori-me-zero-vota-ne-zgjedhje-epo-jam-kandidati-i-vertete-i-unitetit\/","title":{"rendered":"Kanadezi b\u00ebn histori me zero vota n\u00eb zgjedhje: Epo, jam kandidati i v\u00ebrtet\u00eb i unitetit"},"content":{"rendered":"<p>Nj\u00eb kanadez ka b\u00ebr\u00eb histori duke marr\u00eb zero vota n\u00eb zgjedhjet federale t\u00eb kontestuara, pasi kandidoi si pjes\u00eb e nj\u00eb proteste p\u00ebr munges\u00ebn e reformave zgjedhore n\u00eb vend.<\/p>\n<p>\u201cKur pash\u00eb rezultatin, thash\u00eb: Epo, un\u00eb jam kandidati i v\u00ebrtet\u00eb i unitetit. T\u00eb gjith\u00eb pranojn\u00eb t\u00eb mos votojn\u00eb p\u00ebr mua\u201d, tha F\u00e9lix-Antoine Hamel p\u00ebr CBC News.<\/p>\n<p>Hamel ishte n\u00eb mesin e 84 personave q\u00eb u rendit\u00ebn si kandidat\u00eb n\u00eb zgjedhjet e fundit t\u00eb parakohshme t\u00eb mbajtura n\u00eb Toronto.<\/p>\n<p>Ai e vendosi emrin e tij si kandidat pasi u kontaktua nga Komisioni m\u00eb i gjat\u00eb i votimit, i cili punon p\u00ebr mbrojtjen e reform\u00ebs zgjedhore.<\/p>\n<div class=\"iframe-container\">\n<p><a href=\"https:\/\/track.adform.net\/C\/?bn=73199340;C=0\" target=\"_blank\" rel=\"noopener\"><\/p>\n<p><img loading=\"lazy\" decoding=\"async\" src=\"https:\/\/track.adform.net\/adfserve\/?bn=73199340;srctype=4;ord=%5Btimestamp%5D\" border=\"0\" width=\"300\" height=\"250\" alt=\"\"><\/p>\n<p><\/a><\/p>\n<div class=\"tchAdBlock smallAdBlock\">\n<div class=\"siteWidthContainer\">\n<!-- \/52408802\/TCH_HOME_0 --><\/p>\n<div class=\"innerAdBlock\" pathname=\"https:\/\/albanianpost.com\/52408802\/TCH_HOME_0\" definedsizes=\"[[1250, 200], [1250, 100], [1250, 90], [300, 250], [728, 90], [970, 90], [970, 200], [970, 100], [300, 80]]\" mapping=\"desktop\" data-google-query-id=\"COK53pSI_oYDFU2Q_Qcdb3ILPw\">\n<div><\/div>\n<\/div>\n<div class=\"clearfix\"><\/div>\n<\/div>\n<div class=\"clearfix\"><\/div>\n<\/div><\/div>\n<p>Si nj\u00eb premtim kryesor i fushat\u00ebs, Justin Trudeau premtoi se n\u00ebse partia e tij fitonte pushtetin, zgjedhjet federale t\u00eb 2015-\u00ebs do t\u00eb ishin t\u00eb fundit sipas sistemit.<\/p>\n<p>Megjithat\u00eb, pasi qeveria e tij fitoi nj\u00eb shumic\u00eb d\u00ebrrmuese, ai e braktisi premtimin.<\/p>\n<p>Komiteti m\u00eb i gjat\u00eb i votimit thot\u00eb se sistemi aktual e anon pushtetin n\u00eb duart e partive q\u00eb fitojn\u00eb nj\u00eb pakic\u00eb votash.<\/p>\n<p>N\u00eb shenj\u00eb proteste, grupi vendosi me sukses 77 emra n\u00eb flet\u00ebn e votimit t\u00eb Torontos, duke e \u00e7uar totalin n\u00eb 84 dhe duke ngadal\u00ebsuar p\u00ebrpjekjet e num\u00ebrimit t\u00eb votave n\u00eb zgjedhjet e ndjekura nga af\u00ebr t\u00eb s\u00eb h\u00ebn\u00ebs.<\/p>\n<p>Kontrollor\u00ebt u detyruan t\u00eb shoshitnin flet\u00ebt e votimit me gjat\u00ebsi prej nj\u00eb met\u00ebr: m\u00eb t\u00eb gjatat ndonj\u00ebher\u00eb n\u00eb historin\u00eb kanadeze.<\/p>\n<p>Kur u finalizuan rezultatet, gjasht\u00eb kandidat\u00eb t\u00eb tjer\u00eb mor\u00ebn nga dy vota secili, por Hamel ishte kandidati q\u00eb nuk mori asnj\u00eb vot\u00eb.<\/p>\n<p>Hamel jeton qindra milje larg zon\u00ebs zgjedhore, n\u00eb Montreal, dhe p\u00ebr shkak se jeton jasht\u00eb Torontos, ai nuk mund t\u00eb votonte p\u00ebr veten e tij.<\/p>\n<p>Zgjedhjet e m\u00ebparshme federale kan\u00eb pasur rezultate me zero vota, por n\u00eb ato raste, kandidat\u00ebt konkurruan pa kund\u00ebrshtar\u00eb dhe k\u00ebshtu u vler\u00ebsuan si fitues.<\/p>\n<p>Arritja e Hamel sh\u00ebnon her\u00ebn e par\u00eb q\u00eb dikush ka fituar zero vota \u2013 dhe ka humbur.<\/p>\n<p>\u201cUn\u00eb jam nj\u00eb nga njer\u00ebzit e fundit q\u00eb pritet t\u00eb b\u00ebj historin\u00eb kanadeze n\u00eb \u00e7far\u00ebdo m\u00ebnyre\u201d, tha ai.<\/p>\n<p>The post <a rel=\"nofollow\" href=\"https:\/\/albanianpost.com\/kanadezi-ben-histori-me-zero-vota-ne-zgjedhje-epo-jam-kandidati-i-vertete-i-unitetit\/\">Kanadezi b\u00ebn histori me zero vota n\u00eb zgjedhje: Epo, jam kandidati i v\u00ebrtet\u00eb i unitetit<\/a> appeared first on <a rel=\"nofollow\" href=\"https:\/\/albanianpost.com\/\">Albanian Post<\/a>.<\/p>\n","protected":false},"excerpt":{"rendered":"<p>Nj\u00eb kanadez ka b\u00ebr\u00eb histori duke marr\u00eb zero vota n\u00eb zgjedhjet federale t\u00eb kontestuara, pasi kandidoi si pjes\u00eb e nj\u00eb proteste p\u00ebr munges\u00ebn e reformave zgjedhore n\u00eb vend. \u201cKur pash\u00eb rezultatin, thash\u00eb: Epo, un\u00eb jam kandidati i v\u00ebrtet\u00eb i unitetit. T\u00eb gjith\u00eb pranojn\u00eb t\u00eb mos votojn\u00eb p\u00ebr mua\u201d, tha F\u00e9lix-Antoine Hamel p\u00ebr CBC News. Hamel [&hellip;]<\/p>\n","protected":false},"author":1,"featured_media":5583,"comment_status":"open","ping_status":"open","sticky":false,"template":"","format":"standard","meta":{"footnotes":""},"categories":[1],"tags":[],"class_list":["post-5582","post","type-post","status-publish","format-standard","has-post-thumbnail","hentry","category-uncategorized"],"_links":{"self":[{"href":"https:\/\/radiogjilani.com\/index.php\/wp-json\/wp\/v2\/posts\/5582","targetHints":{"allow":["GET"]}}],"collection":[{"href":"https:\/\/radiogjilani.com\/index.php\/wp-json\/wp\/v2\/posts"}],"about":[{"href":"https:\/\/radiogjilani.com\/index.php\/wp-json\/wp\/v2\/types\/post"}],"author":[{"embeddable":true,"href":"https:\/\/radiogjilani.com\/index.php\/wp-json\/wp\/v2\/users\/1"}],"replies":[{"embeddable":true,"href":"https:\/\/radiogjilani.com\/index.php\/wp-json\/wp\/v2\/comments?post=5582"}],"version-history":[{"count":0,"href":"https:\/\/radiogjilani.com\/index.php\/wp-json\/wp\/v2\/posts\/5582\/revisions"}],"wp:featuredmedia":[{"embeddable":true,"href":"https:\/\/radiogjilani.com\/index.php\/wp-json\/wp\/v2\/media\/5583"}],"wp:attachment":[{"href":"https:\/\/radiogjilani.com\/index.php\/wp-json\/wp\/v2\/media?parent=5582"}],"wp:term":[{"taxonomy":"category","embeddable":true,"href":"https:\/\/radiogjilani.com\/index.php\/wp-json\/wp\/v2\/categories?post=5582"},{"taxonomy":"post_tag","embeddable":true,"href":"https:\/\/radiogjilani.com\/index.php\/wp-json\/wp\/v2\/tags?post=5582"}],"curies":[{"name":"wp","href":"https:\/\/api.w.org\/{rel}","templated":true}]}}