{"id":5592,"date":"2024-06-28T20:20:35","date_gmt":"2024-06-28T20:20:35","guid":{"rendered":"https:\/\/radiogjilani.com\/index.php\/2024\/06\/28\/nje-vale-verore-e-covid-19-ka-mberritur-ne-shba\/"},"modified":"2024-06-28T20:20:35","modified_gmt":"2024-06-28T20:20:35","slug":"nje-vale-verore-e-covid-19-ka-mberritur-ne-shba","status":"publish","type":"post","link":"https:\/\/radiogjilani.com\/index.php\/2024\/06\/28\/nje-vale-verore-e-covid-19-ka-mberritur-ne-shba\/","title":{"rendered":"Nj\u00eb val\u00eb verore e COVID-19 ka mb\u00ebrritur n\u00eb SHBA"},"content":{"rendered":"<p>Nivelet e COVID-19 jan\u00eb rritur n\u00eb Shtetet e Bashkuara p\u00ebr jav\u00eb t\u00eb t\u00ebra pasi variantet e reja nxisin at\u00eb q\u00eb \u00ebsht\u00eb b\u00ebr\u00eb nj\u00eb rritje vjetore e ver\u00ebs.<\/p>\n<p>Mbik\u00ebqyrja e COVID-19 \u00ebsht\u00eb zvog\u00ebluar ndjesh\u00ebm q\u00eb kur urgjenca e sh\u00ebndetit publik n\u00eb SHBA p\u00ebrfundoi m\u00eb shum\u00eb se nj\u00eb vit m\u00eb par\u00eb \u2013 rastet individuale nuk num\u00ebrohen m\u00eb dhe rezultatet e r\u00ebnda bazohen n\u00eb mostrat p\u00ebrfaq\u00ebsuese t\u00eb popullsis\u00eb \u2013 por t\u00eb dh\u00ebnat q\u00eb jan\u00eb n\u00eb dispozicion tregojn\u00eb nj\u00eb trend t\u00eb q\u00ebndruesh\u00ebm rrit\u00ebs.<\/p>\n<p>Infeksionet ndoshta po rriten n\u00eb t\u00eb pakt\u00ebn 38 shtete, sipas t\u00eb dh\u00ebnave nga Qendrat e SHBA p\u00ebr Kontrollin dhe Parandalimin e S\u00ebmundjeve, shkruan CNN, transmeton AlbanianPost.<\/p>\n<p>Mbik\u00ebqyrja e uj\u00ebrave t\u00eb zeza sugjeron se aktiviteti viral \u00ebsht\u00eb ende relativisht i ul\u00ebt, por shtrimet n\u00eb spital dhe vdekjet gjithashtu po rriten.<\/p>\n<div class=\"iframe-container\">\n<p><a href=\"https:\/\/track.adform.net\/C\/?bn=73199340;C=0\" target=\"_blank\" rel=\"noopener\"><\/p>\n<p><img loading=\"lazy\" decoding=\"async\" src=\"https:\/\/track.adform.net\/adfserve\/?bn=73199340;srctype=4;ord=%5Btimestamp%5D\" border=\"0\" width=\"300\" height=\"250\" alt=\"\"><\/p>\n<p><\/a><\/p>\n<div class=\"tchAdBlock smallAdBlock\">\n<div class=\"siteWidthContainer\">\n<!-- \/52408802\/TCH_HOME_0 --><\/p>\n<div class=\"innerAdBlock\" pathname=\"https:\/\/albanianpost.com\/52408802\/TCH_HOME_0\" definedsizes=\"[[1250, 200], [1250, 100], [1250, 90], [300, 250], [728, 90], [970, 90], [970, 200], [970, 100], [300, 80]]\" mapping=\"desktop\" data-google-query-id=\"COK53pSI_oYDFU2Q_Qcdb3ILPw\">\n<div><\/div>\n<\/div>\n<div class=\"clearfix\"><\/div>\n<\/div>\n<div class=\"clearfix\"><\/div>\n<\/div><\/div>\n<p>Nivelet e COVID-19 jan\u00eb ve\u00e7an\u00ebrisht t\u00eb larta n\u00eb Per\u00ebndim, ku nivelet virale jan\u00eb kthyer n\u00eb at\u00eb q\u00eb ishin n\u00eb shkurt, dhe n\u00eb jug, sipas CDC.<\/p>\n<p>\u201cVirusi tenton t\u00eb riprodhohet mir\u00eb dhe t\u00eb q\u00ebndroj\u00eb i gjall\u00eb n\u00eb nj\u00eb mjedis me kushte t\u00eb ngrohta dhe t\u00eb lag\u00ebshta. Kjo p\u00ebrputhet me at\u00eb q\u00eb po shohim\u201d, tha Robert Hopkins, drejtor mjek\u00ebsor i Fondacionit Komb\u00ebtar p\u00ebr S\u00ebmundjet Infektive, nj\u00eb organizat\u00eb jofitimprur\u00ebse e sh\u00ebndetit publik.<\/p>\n<p>Goditja e ver\u00ebs \u00ebsht\u00eb b\u00ebr\u00eb nj\u00eb model i njohur sezonal, por ekspert\u00ebt paralajm\u00ebrojn\u00eb se koronavirusi mund t\u00eb jet\u00eb ende mjaft i paparashikuesh\u00ebm.<\/p>\n<p>\u201cUn\u00eb mendoj se \u00ebsht\u00eb ende pak her\u00ebt p\u00ebr t\u00eb th\u00ebn\u00eb se cili \u00ebsht\u00eb modeli\u201d, tha Hopkins.<\/p>\n<p>\u201cNj\u00eb pjes\u00eb e madhe e popullsis\u00eb ka pasur nj\u00ebfar\u00eb ekspozimi ndaj virusit, majat kan\u00eb qen\u00eb pak m\u00eb pak t\u00eb larta dhe ne kemi pasur tendenc\u00eb t\u00eb shohim nj\u00eb gung\u00eb verore si dhe nj\u00eb rritje dim\u00ebrore. Por n\u00ebse ky model do t\u00eb vazhdoj\u00eb apo n\u00ebse do t\u00eb b\u00ebhet nj\u00eb s\u00ebmundje gjat\u00eb gjith\u00eb vitit apo n\u00ebse do t\u00eb q\u00ebndroj\u00eb n\u00eb nj\u00eb koh\u00eb t\u00eb caktuar \u2013 mendoj se \u00ebsht\u00eb pak her\u00ebt p\u00ebr t\u00eb th\u00ebn\u00eb\u201d, shtoi ai.<\/p>\n<p>T\u00eb dh\u00ebnat nga WastewaterSCAN, nj\u00eb rrjet mbar\u00ebkomb\u00ebtar i mbik\u00ebqyrjes s\u00eb uj\u00ebrave t\u00eb zeza me baz\u00eb n\u00eb Universitetin Stanford n\u00eb partneritet me Universitetin Emory, sugjeroi se kjo val\u00eb e ver\u00ebs filloi disa jav\u00eb m\u00eb her\u00ebt se vala e ver\u00ebs s\u00eb kaluar dhe ka arritur nivele t\u00eb ngjashme me kulmin e ver\u00ebs s\u00eb kaluar.<\/p>\n<p>\u201cMbetet p\u00ebr t\u2019u par\u00eb n\u00ebse ky do t\u00eb jet\u00eb nj\u00eb nivel maksimal p\u00ebr k\u00ebt\u00eb rritje\u201d, tha Marlene Wolfe, asistent profesoresh\u00eb e sh\u00ebndetit mjedisor n\u00eb Emory dhe drejtoresh\u00eb programacioni p\u00ebr WastewaterSCAN.<\/p>\n<p>\u201cNe jemi gjithmon\u00eb duke u p\u00ebrpjekur t\u00eb zb\u00ebrthejm\u00eb at\u00eb q\u00eb \u00ebsht\u00eb sezonaliteti i mundsh\u00ebm me COVID dhe gjithashtu cilat jan\u00eb ndikimet e varianteve t\u00eb reja q\u00eb mund t\u00eb vijn\u00eb duke shkaktuar k\u00ebto rritje q\u00eb ne i shohim m\u00eb rregullisht, m\u00eb shpesh sesa b\u00ebjm\u00eb p\u00ebr gripin dhe RSV\u201d, tha ajo. .<\/p>\n<p>Gjat\u00eb muajve t\u00eb fundit, varianti i virusit JN.1 q\u00eb nxiti rritjen e k\u00ebtij dimri \u00ebsht\u00eb kap\u00ebrcyer nga deg\u00ebt m\u00eb t\u00eb reja.<\/p>\n<p>K\u00ebto t\u00eb ashtuquajtura variante FLiRT \u2013 nj\u00eb akronim q\u00eb i referohet vendndodhjeve t\u00eb mutacioneve t\u00eb aminoacideve q\u00eb virusi ka kapur \u2013 kan\u00eb ndryshime n\u00eb disa vende q\u00eb i ndihmojn\u00eb ata t\u00eb shmangin p\u00ebrgjigjen imune t\u00eb trupit dhe t\u00eb tjera q\u00eb i ndihmojn\u00eb ata t\u00eb b\u00ebhen m\u00eb t\u00eb transmetuesh\u00ebm. Dy prej tyre \u2013 KP.3 dhe KP.2 \u2013 tani p\u00ebrb\u00ebjn\u00eb m\u00eb shum\u00eb se gjysm\u00ebn e infeksioneve t\u00eb reja COVID n\u00eb SHBA, sipas t\u00eb dh\u00ebnave t\u00eb CDC.<\/p>\n<p>The post <a rel=\"nofollow\" href=\"https:\/\/albanianpost.com\/nje-vale-verore-e-covid-19-ka-mberritur-ne-shba\/\">Nj\u00eb val\u00eb verore e COVID-19 ka mb\u00ebrritur n\u00eb SHBA<\/a> appeared first on <a rel=\"nofollow\" href=\"https:\/\/albanianpost.com\/\">Albanian Post<\/a>.<\/p>\n","protected":false},"excerpt":{"rendered":"<p>Nivelet e COVID-19 jan\u00eb rritur n\u00eb Shtetet e Bashkuara p\u00ebr jav\u00eb t\u00eb t\u00ebra pasi variantet e reja nxisin at\u00eb q\u00eb \u00ebsht\u00eb b\u00ebr\u00eb nj\u00eb rritje vjetore e ver\u00ebs. Mbik\u00ebqyrja e COVID-19 \u00ebsht\u00eb zvog\u00ebluar ndjesh\u00ebm q\u00eb kur urgjenca e sh\u00ebndetit publik n\u00eb SHBA p\u00ebrfundoi m\u00eb shum\u00eb se nj\u00eb vit m\u00eb par\u00eb \u2013 rastet individuale nuk num\u00ebrohen m\u00eb [&hellip;]<\/p>\n","protected":false},"author":1,"featured_media":5593,"comment_status":"open","ping_status":"open","sticky":false,"template":"","format":"standard","meta":{"footnotes":""},"categories":[1],"tags":[],"class_list":["post-5592","post","type-post","status-publish","format-standard","has-post-thumbnail","hentry","category-uncategorized"],"_links":{"self":[{"href":"https:\/\/radiogjilani.com\/index.php\/wp-json\/wp\/v2\/posts\/5592","targetHints":{"allow":["GET"]}}],"collection":[{"href":"https:\/\/radiogjilani.com\/index.php\/wp-json\/wp\/v2\/posts"}],"about":[{"href":"https:\/\/radiogjilani.com\/index.php\/wp-json\/wp\/v2\/types\/post"}],"author":[{"embeddable":true,"href":"https:\/\/radiogjilani.com\/index.php\/wp-json\/wp\/v2\/users\/1"}],"replies":[{"embeddable":true,"href":"https:\/\/radiogjilani.com\/index.php\/wp-json\/wp\/v2\/comments?post=5592"}],"version-history":[{"count":0,"href":"https:\/\/radiogjilani.com\/index.php\/wp-json\/wp\/v2\/posts\/5592\/revisions"}],"wp:featuredmedia":[{"embeddable":true,"href":"https:\/\/radiogjilani.com\/index.php\/wp-json\/wp\/v2\/media\/5593"}],"wp:attachment":[{"href":"https:\/\/radiogjilani.com\/index.php\/wp-json\/wp\/v2\/media?parent=5592"}],"wp:term":[{"taxonomy":"category","embeddable":true,"href":"https:\/\/radiogjilani.com\/index.php\/wp-json\/wp\/v2\/categories?post=5592"},{"taxonomy":"post_tag","embeddable":true,"href":"https:\/\/radiogjilani.com\/index.php\/wp-json\/wp\/v2\/tags?post=5592"}],"curies":[{"name":"wp","href":"https:\/\/api.w.org\/{rel}","templated":true}]}}