{"id":560,"date":"2024-04-03T14:31:04","date_gmt":"2024-04-03T14:31:04","guid":{"rendered":"https:\/\/radiogjilani.com\/index.php\/2024\/04\/03\/jo-profesionale-dhe-jo-te-qendrueshme-ekonomistet-demantojne-muratin-rreth-numrit-rekord-te-hapjes-se-bizneseve\/"},"modified":"2024-04-03T14:31:04","modified_gmt":"2024-04-03T14:31:04","slug":"jo-profesionale-dhe-jo-te-qendrueshme-ekonomistet-demantojne-muratin-rreth-numrit-rekord-te-hapjes-se-bizneseve","status":"publish","type":"post","link":"https:\/\/radiogjilani.com\/index.php\/2024\/04\/03\/jo-profesionale-dhe-jo-te-qendrueshme-ekonomistet-demantojne-muratin-rreth-numrit-rekord-te-hapjes-se-bizneseve\/","title":{"rendered":"\u201cJo profesionale\u201d dhe \u201cjo t\u00eb q\u00ebndrueshme\u201d, ekonomist\u00ebt demantojn\u00eb Muratin rreth numrit \u201crekord\u201d t\u00eb hapjes s\u00eb bizneseve"},"content":{"rendered":"<p>P\u00ebr dy her\u00eb radhazi gjat\u00eb muajit mars, ministri i Financave, Pun\u00ebs dhe Transfereve, Hekuran Murati deklaroi se n\u00eb Kosov\u00eb jan\u00eb hapur m\u00eb shum\u00eb biznese t\u00eb reja sesa q\u00eb jan\u00eb mbyllur duke th\u00ebn\u00eb se \u201cpo e demanton propagand\u00ebn\u201d, e cila sipas tij po b\u00ebhet nga opozita.<\/p>\n<p>Por, k\u00ebto deklarata t\u00eb ministrit Murati, nga njoh\u00ebsit e \u00e7\u00ebshtjeve ekonomike po vler\u00ebsohen si \u201cjo profesionale\u201d dhe \u201cjo t\u00eb q\u00ebndrueshme\u201d n\u00eb raport me realitetin.<\/p>\n<p>Sipas njoh\u00ebsve t\u00eb \u00e7\u00ebshtjeve ekonomike, s\u2019duhet t\u00eb flitet p\u00ebr hapjen e bizneseve t\u00eb reja, por p\u00ebr numrin e punonj\u00ebsve q\u00eb po pun\u00ebsojn\u00eb ato.<\/p>\n<p>Profesori universitar dhe njoh\u00ebsi i \u00e7\u00ebshtjeve ekonomike, Bashkim Mustafa, n\u00eb nj\u00eb p\u00ebrgjigje me shkrim p\u00ebr Albanian Post thot\u00eb se ka kritika p\u00ebr krahasimet q\u00eb b\u00ebn\u00eb ministri Murati gjat\u00eb gjith\u00eb koh\u00ebs, kjo pasi q\u00eb nuk p\u00ebrshtaten me faktet.<\/p>\n<p>\u201cKy rast s\u2019\u00ebsht\u00eb i pari ku ministri Murati b\u00ebn\u00eb krahasime jo profesionale dhe jo t\u00eb q\u00ebndrueshme. Nuk b\u00ebhen krahasime t\u00eb tilla mbi baz\u00ebn e numrit t\u00eb hapjes dhe mbylljes s\u00eb bizneseve\u201d.<\/p>\n<p>\u201cKjo pasi nj\u00eb biznes i mbyllur mund t\u00eb ket\u00eb num\u00ebr m\u00eb t\u00eb madh t\u00eb pun\u00ebsuarve, qarkullim m\u00eb t\u00eb lart\u00eb financiar e aktivitet m\u00eb t\u00eb lart\u00eb banesor n\u00eb raport me nj\u00eb biznes t\u00eb ri q\u00eb hapet me kapital themeltar 1 mij\u00eb e 500 euro, e me num\u00ebr t\u00eb vog\u00ebl t\u00eb pun\u00ebsuarve\u201d, thot\u00eb Mustafa p\u00ebr AP.<\/p>\n<p>Por, sipas tij hallin Murati si udh\u00ebheq\u00ebs i Financave duhet ta ket\u00eb dikund tjet\u00ebr.<\/p>\n<p>\u201cShqet\u00ebsuese n\u00eb k\u00ebt\u00eb periudh\u00eb \u00ebsht\u00eb r\u00ebnia e aktivitetit t\u00eb bizneseve n\u00eb p\u00ebrgjith\u00ebsi dhe r\u00ebnia e fuqis\u00eb bler\u00ebse e q\u00eb do t\u00eb ket\u00eb pasoja m\u00eb t\u00eb m\u00ebdha p\u00ebr ekonomin\u00eb e vendit\u201d.<\/p>\n<figure aria-describedby=\"caption-attachment-811533\" class=\"wp-caption alignnone\"><img loading=\"lazy\" decoding=\"async\" class=\"wp-image-811533 size-full\" src=\"https:\/\/albanianpost.com\/wp-content\/uploads\/2024\/04\/f.jpg\" alt=\"\" width=\"2403\" height=\"1600\" srcset=\"https:\/\/albanianpost.com\/wp-content\/uploads\/2024\/04\/f.jpg 2403w, https:\/\/albanianpost.com\/wp-content\/uploads\/2024\/04\/f-300x200.jpg 300w, https:\/\/albanianpost.com\/wp-content\/uploads\/2024\/04\/f-1024x682.jpg 1024w, https:\/\/albanianpost.com\/wp-content\/uploads\/2024\/04\/f-768x511.jpg 768w, https:\/\/albanianpost.com\/wp-content\/uploads\/2024\/04\/f-1536x1023.jpg 1536w, https:\/\/albanianpost.com\/wp-content\/uploads\/2024\/04\/f-2048x1364.jpg 2048w, https:\/\/albanianpost.com\/wp-content\/uploads\/2024\/04\/f-338x225.jpg 338w, https:\/\/albanianpost.com\/wp-content\/uploads\/2024\/04\/f-640x426.jpg 640w, https:\/\/albanianpost.com\/wp-content\/uploads\/2024\/04\/f-500x333.jpg 500w\" sizes=\"auto, (max-width: 2403px) 100vw, 2403px\"><figcaption class=\"wp-caption-text\">Foto: Ilustrim.<\/figcaption><\/figure>\n<p><strong>\u201cT\u00eb dh\u00ebnat e ministrit, s\u2019jan\u00eb tregues determinues\u201d <\/strong><\/p>\n<p>Nd\u00ebrsa, njoh\u00ebsi i \u00e7\u00ebshtjeve ekonomike Erton Bega, thot\u00eb se deklarata e 30 marsit e ministrit Murati \u00ebsht\u00eb di\u00e7ka q\u00eb thuhet n\u00eb secil\u00ebn Qeveri.<\/p>\n<p>Bega, gjat\u00eb nj\u00eb bisede p\u00ebr Albanian Post e konsideron k\u00ebt\u00eb ngjarje si di\u00e7ka t\u00eb zakonshme.<\/p>\n<p>\u201cDeklarata e ministrit Murati \u00ebsht\u00eb zhvillim i zakonsh\u00ebm n\u00eb ekonomi. Ngjash\u00ebm ka ndodhur n\u00eb \u00e7do Qeveri\u201d.<\/p>\n<p>Edhe n\u00eb t\u00eb kaluar\u00ebn thekson ai q\u00eb jan\u00eb hapur biznese t\u00eb reja, e jan\u00eb mbyllur disa t\u00eb tjera.<\/p>\n<p>\u201cGjithmon\u00eb ka biznese t\u00eb reja q\u00eb hapen dhe ekzistuese q\u00eb shuhen. Ne i kemi vet\u00ebm t\u00eb dh\u00ebnat e Agjencis\u00eb s\u00eb Regjistrimit t\u00eb Bizneseve t\u00eb Kosov\u00ebs (ARBK) dhe Agjencis\u00eb s\u00eb Statistikave t\u00eb Kosov\u00ebs (ASK), t\u00eb ngjashme me ato q\u00eb i ka prezantuar ministri Murati\u201d, thot\u00eb Bega.<\/p>\n<p>Duke shtuar se t\u00eb dh\u00ebnat e prezantuara \u201cs\u2019jan\u00eb tregues determinues i zhvillimeve n\u00eb ekonomin\u00eb e vendit\u201d.<\/p>\n<figure aria-describedby=\"caption-attachment-811536\" class=\"wp-caption alignnone\"><img decoding=\"async\" loading=\"lazy\" class=\"wp-image-811536 size-full\" src=\"https:\/\/albanianpost.com\/wp-content\/uploads\/2024\/04\/image-145.png\" alt=\"\" width=\"780\" height=\"500\" srcset=\"https:\/\/albanianpost.com\/wp-content\/uploads\/2024\/04\/image-145.png 780w, https:\/\/albanianpost.com\/wp-content\/uploads\/2024\/04\/image-145-300x192.png 300w, https:\/\/albanianpost.com\/wp-content\/uploads\/2024\/04\/image-145-768x492.png 768w, https:\/\/albanianpost.com\/wp-content\/uploads\/2024\/04\/image-145-351x225.png 351w, https:\/\/albanianpost.com\/wp-content\/uploads\/2024\/04\/image-145-640x410.png 640w, https:\/\/albanianpost.com\/wp-content\/uploads\/2024\/04\/image-145-500x321.png 500w\" sizes=\"auto, (max-width: 780px) 100vw, 780px\"><figcaption class=\"wp-caption-text\">Kryeministri i Kosov\u00ebs, Albin Kurti dhe ministri i Financave, Hekuran Murati gjat\u00eb vizitave n\u00eb biznese.<\/figcaption><\/figure>\n<p><a href=\"https:\/\/www.facebook.com\/HekuranMurati\/posts\/pfbid02LewV3DHdadpjo3USD7ZB98LRUxc9uvCgKmHnp5ej5Z9mWybN8YyzRgnKdK6iyUk9l\">M\u00eb 30 mars,<\/a> Murati deklaroi se n\u00eb janar jan\u00eb hapur 998 biznese t\u00eb reja, nd\u00ebrsa jan\u00eb shuar 133 sosh.<\/p>\n<p>N\u00eb vitin 2023 ai tha se jan\u00eb regjistruar gjithsej 11 mij\u00eb 409 biznese t\u00eb reja.<\/p>\n<p>Duke th\u00ebn\u00eb se \u201cn\u00ebp\u00ebr studio televizive flitet vet\u00ebm p\u00ebr ato t\u00eb shuarat, p\u00ebr t\u00eb krijuar p\u00ebrshtypjen e nj\u00eb apokalipsi t\u00eb paqen\u00eb\u201d.<\/p>\n<p>Edhe n\u00eb nj\u00eb konferenc\u00eb p\u00ebr media m\u00eb <a href=\"https:\/\/albanianpost.com\/murati-i-pergjigjet-opozites-u-mbyllen-mbi-2-mije-biznese-por-u-hapen-12-mije-te-reja\/\">22 mars<\/a> Murati, \u00ebsht\u00eb p\u00ebrgjigjur ndaj kritikave t\u00eb opozit\u00ebs lidhur me deklaratat e tyre p\u00ebr mbylljen e bizneseve duke th\u00ebn\u00eb se ka m\u00eb shum\u00eb hapje t\u00eb bizneseve t\u00eb reja, sesa mbyllje t\u00eb atyre t\u00eb vjetrave.<\/p>\n<p>\u201cN\u00ebse e krahasojm\u00eb edhe me numrin e tatimpaguesve, bizneseve tatimpaguese aktive sepse zakonisht kur po flitet p\u00ebr ekonomin\u00eb opozita ka d\u00ebshir\u00eb t\u00eb tregoj\u00eb se sa biznese jan\u00eb mbyllur do t\u00eb thot\u00eb jan\u00eb mbyllur 2 mij\u00eb biznese brenda vitit, por s\u2019tregon q\u00eb jan\u00eb hapur 12 mij\u00eb biznese t\u00eb reja\u201d, kishte th\u00ebn\u00eb ai.<\/p>\n<p>Sipas tij, hapja e bizneseve t\u00eb reja n\u00eb Kosov\u00eb ka sh\u00ebnuar num\u00ebr rekord.<\/p>\n<p>Nga pandemia COVID-19 ishin mbyllur rreth 1 mij\u00eb e 330 biznese, duke l\u00ebn\u00eb t\u00eb pa pun\u00eb rreth 3 mij\u00eb e 300 pun\u00ebtor\u00eb, megjithat\u00eb figuronte nj\u00eb num\u00ebr m\u00eb i madh i hapjeve t\u00eb bizneseve t\u00eb reja por q\u00eb t\u00eb dh\u00ebnat p\u00ebr pun\u00ebsim s\u2019ishin b\u00ebr\u00eb publike.<\/p>\n<p>N\u00eb 2021 ishin hapur mbi 9 mij\u00eb biznese t\u00eb reja, tregonin shifrat e Agjencis\u00eb s\u00eb Regjistrimit t\u00eb Bizneseve (AKB).<\/p>\n<p>P\u00ebrfaq\u00ebsues t\u00eb bizneseve kishin th\u00ebn\u00eb se mbyllja, por edhe hapja e bizneseve n\u00eb sektor\u00eb t\u00eb nj\u00ebjt\u00eb, ndodh p\u00ebr shkak se ekonomia e Kosov\u00ebs vazhdon t\u00eb jet\u00eb e orientuar n\u00eb sektor\u00ebt e tregtis\u00eb me shumic\u00eb dhe pakic\u00eb e m\u00eb pak n\u00eb prodhim.<\/p>\n<p>N\u00eb programin kat\u00ebrvje\u00e7ar t\u00eb Qeveris\u00eb aktuale t\u00eb Kosov\u00ebs q\u00ebndron zotimi p\u00ebr orientimin e ekonomis\u00eb kah prodhimi dhe eksporti.<\/p>\n<p>Ministri Murati, gjat\u00eb gjith\u00eb koh\u00ebs \u00ebsht\u00eb arsyetuar me hapjen e bizneseve t\u00eb reja, por q\u00eb nga opozita \u00ebsht\u00eb kritikuar p\u00ebr mbyllje t\u00eb tyre p\u00ebr shkak t\u00eb papun\u00ebsis\u00eb.<\/p>\n<p>The post <a rel=\"nofollow\" href=\"https:\/\/albanianpost.com\/jo-profesionale-dhe-jo-te-qendrueshme-ekonomistet-demantojne-muratin-rreth-numrit-rekord-te-hapjes-se-bizneseve\/\">\u201cJo profesionale\u201d dhe \u201cjo t\u00eb q\u00ebndrueshme\u201d, ekonomist\u00ebt demantojn\u00eb Muratin rreth numrit \u201crekord\u201d t\u00eb hapjes s\u00eb bizneseve<\/a> appeared first on <a rel=\"nofollow\" href=\"https:\/\/albanianpost.com\/\">Albanian Post<\/a>.<\/p>\n","protected":false},"excerpt":{"rendered":"<p>P\u00ebr dy her\u00eb radhazi gjat\u00eb muajit mars, ministri i Financave, Pun\u00ebs dhe Transfereve, Hekuran Murati deklaroi se n\u00eb Kosov\u00eb jan\u00eb hapur m\u00eb shum\u00eb biznese t\u00eb reja sesa q\u00eb jan\u00eb mbyllur duke th\u00ebn\u00eb se \u201cpo e demanton propagand\u00ebn\u201d, e cila sipas tij po b\u00ebhet nga opozita. Por, k\u00ebto deklarata t\u00eb ministrit Murati, nga njoh\u00ebsit e \u00e7\u00ebshtjeve [&hellip;]<\/p>\n","protected":false},"author":1,"featured_media":561,"comment_status":"open","ping_status":"open","sticky":false,"template":"","format":"standard","meta":{"footnotes":""},"categories":[1],"tags":[],"class_list":["post-560","post","type-post","status-publish","format-standard","has-post-thumbnail","hentry","category-uncategorized"],"_links":{"self":[{"href":"https:\/\/radiogjilani.com\/index.php\/wp-json\/wp\/v2\/posts\/560","targetHints":{"allow":["GET"]}}],"collection":[{"href":"https:\/\/radiogjilani.com\/index.php\/wp-json\/wp\/v2\/posts"}],"about":[{"href":"https:\/\/radiogjilani.com\/index.php\/wp-json\/wp\/v2\/types\/post"}],"author":[{"embeddable":true,"href":"https:\/\/radiogjilani.com\/index.php\/wp-json\/wp\/v2\/users\/1"}],"replies":[{"embeddable":true,"href":"https:\/\/radiogjilani.com\/index.php\/wp-json\/wp\/v2\/comments?post=560"}],"version-history":[{"count":0,"href":"https:\/\/radiogjilani.com\/index.php\/wp-json\/wp\/v2\/posts\/560\/revisions"}],"wp:featuredmedia":[{"embeddable":true,"href":"https:\/\/radiogjilani.com\/index.php\/wp-json\/wp\/v2\/media\/561"}],"wp:attachment":[{"href":"https:\/\/radiogjilani.com\/index.php\/wp-json\/wp\/v2\/media?parent=560"}],"wp:term":[{"taxonomy":"category","embeddable":true,"href":"https:\/\/radiogjilani.com\/index.php\/wp-json\/wp\/v2\/categories?post=560"},{"taxonomy":"post_tag","embeddable":true,"href":"https:\/\/radiogjilani.com\/index.php\/wp-json\/wp\/v2\/tags?post=560"}],"curies":[{"name":"wp","href":"https:\/\/api.w.org\/{rel}","templated":true}]}}