{"id":5602,"date":"2024-06-28T20:21:14","date_gmt":"2024-06-28T20:21:14","guid":{"rendered":"https:\/\/radiogjilani.com\/index.php\/2024\/06\/28\/blero-vuri-ne-siklet-afronen-me-nje-pyetje-gjate-intervistes-ja-si-u-pergjigj-kjo-e-fundit\/"},"modified":"2024-06-28T20:21:14","modified_gmt":"2024-06-28T20:21:14","slug":"blero-vuri-ne-siklet-afronen-me-nje-pyetje-gjate-intervistes-ja-si-u-pergjigj-kjo-e-fundit","status":"publish","type":"post","link":"https:\/\/radiogjilani.com\/index.php\/2024\/06\/28\/blero-vuri-ne-siklet-afronen-me-nje-pyetje-gjate-intervistes-ja-si-u-pergjigj-kjo-e-fundit\/","title":{"rendered":"Blero vuri n\u00eb siklet Afron\u00ebn me nj\u00eb pyetje gjat\u00eb intervist\u00ebs, ja si u p\u00ebrgjigj kjo e fundit"},"content":{"rendered":"<p><strong>K\u00ebng\u00ebtarja e njohur Era Istrefi, \u00ebsht\u00eb rikthyer fuqish\u00ebm me projekte t\u00eb reja.<\/strong><\/p>\n<p>Pas disa k\u00ebng\u00ebve solo, s\u00eb fundmi ajo solli bashk\u00ebpunimin me reperin Noizy.<\/p>\n<p>Tani Era po vjen me nj\u00eb projekt nd\u00ebrkomb\u00ebtar, i cili pritet t\u00eb lansohet s\u00eb shpejti.<\/p>\n<div><\/div>\n<p>B\u00ebhet fjal\u00eb p\u00ebr k\u00ebng\u00ebn \u201cHeat\u201d, xhirimet e s\u00eb cil\u00ebs jan\u00eb realizuar n\u00eb jug t\u00eb Shqip\u00ebris\u00eb.<\/p>\n<p>Biondja po ashtu ka ndar\u00eb nj\u00eb video nga xhirimet e klipit, ku shfaqet e mrekullueshme e n\u00eb skena provokuese.<\/p>\n<p>Era tashm\u00eb ka z\u00ebn\u00eb nj\u00eb vend n\u00eb tregun nd\u00ebrkomb\u00ebtar me hitet q\u00eb ka realizuar nd\u00ebr vitesh.<\/p>\n<p>Besohet q\u00eb edhe kjo k\u00ebng\u00eb do t\u00eb pritet mir\u00eb nga publiku e do t\u00eb jet\u00eb nj\u00eb nga hitet e ver\u00ebs.<br \/>\n<img decoding=\"async\" loading=\"lazy\" class=\"alignnone size-full wp-image-3109288\" src=\"https:\/\/gazetablic.com\/wp-content\/uploads\/2024\/06\/q3.jpg\" alt=\"\" width=\"823\" height=\"1024\" srcset=\"https:\/\/gazetablic.com\/wp-content\/uploads\/2024\/06\/q3.jpg 823w, https:\/\/gazetablic.com\/wp-content\/uploads\/2024\/06\/q3-241x300.jpg 241w, https:\/\/gazetablic.com\/wp-content\/uploads\/2024\/06\/q3-768x956.jpg 768w\" sizes=\"auto, (max-width: 823px) 100vw, 823px\"><\/p>\n<p><img decoding=\"async\" loading=\"lazy\" class=\"alignnone size-full wp-image-3109287\" src=\"https:\/\/gazetablic.com\/wp-content\/uploads\/2024\/06\/q2.jpg\" alt=\"\" width=\"827\" height=\"1024\" srcset=\"https:\/\/gazetablic.com\/wp-content\/uploads\/2024\/06\/q2.jpg 827w, https:\/\/gazetablic.com\/wp-content\/uploads\/2024\/06\/q2-242x300.jpg 242w, https:\/\/gazetablic.com\/wp-content\/uploads\/2024\/06\/q2-768x951.jpg 768w\" sizes=\"auto, (max-width: 827px) 100vw, 827px\"> <img decoding=\"async\" loading=\"lazy\" class=\"alignnone size-full wp-image-3109286\" src=\"https:\/\/gazetablic.com\/wp-content\/uploads\/2024\/06\/q1.jpg\" alt=\"\" width=\"826\" height=\"1024\" srcset=\"https:\/\/gazetablic.com\/wp-content\/uploads\/2024\/06\/q1.jpg 826w, https:\/\/gazetablic.com\/wp-content\/uploads\/2024\/06\/q1-242x300.jpg 242w, https:\/\/gazetablic.com\/wp-content\/uploads\/2024\/06\/q1-768x952.jpg 768w\" sizes=\"auto, (max-width: 826px) 100vw, 826px\"><\/p>\n<ul class=\"op-related-articles\" title=\"Showtime\">\n<li><a href=\"https:\/\/gazetablic.com\/blero-vuri-ne-siklet-afronen-me-nje-pyetje-gjate-intervistes-ja-si-u-pergjigj-kjo-e-fundit\/\"><\/a><\/li>\n<li><a href=\"https:\/\/gazetablic.com\/horoskopi-ditor-27-qershor-2024\/\"><\/a><\/li>\n<li><a href=\"https:\/\/gazetablic.com\/pas-hitit-me-noizyn-era-istrefi-po-vjen-me-kenge-nderkombetare\/\"><\/a><\/li>\n<\/ul>\n<p>The post <a rel=\"nofollow\" href=\"https:\/\/gazetablic.com\/pas-hitit-me-noizyn-era-istrefi-po-vjen-me-kenge-nderkombetare\/\">Pas hitit me Noizyn, Era Istrefi po vjen me k\u00ebng\u00eb nd\u00ebrkomb\u00ebtare<\/a> appeared first on <a rel=\"nofollow\" href=\"https:\/\/gazetablic.com\/\">GazetaBlic<\/a>.<\/p>\n","protected":false},"excerpt":{"rendered":"<p>K\u00ebng\u00ebtarja e njohur Era Istrefi, \u00ebsht\u00eb rikthyer fuqish\u00ebm me projekte t\u00eb reja. Pas disa k\u00ebng\u00ebve solo, s\u00eb fundmi ajo solli bashk\u00ebpunimin me reperin Noizy. Tani Era po vjen me nj\u00eb projekt nd\u00ebrkomb\u00ebtar, i cili pritet t\u00eb lansohet s\u00eb shpejti. B\u00ebhet fjal\u00eb p\u00ebr k\u00ebng\u00ebn \u201cHeat\u201d, xhirimet e s\u00eb cil\u00ebs jan\u00eb realizuar n\u00eb jug t\u00eb Shqip\u00ebris\u00eb. Biondja [&hellip;]<\/p>\n","protected":false},"author":1,"featured_media":5603,"comment_status":"open","ping_status":"open","sticky":false,"template":"","format":"standard","meta":{"footnotes":""},"categories":[22],"tags":[],"class_list":["post-5602","post","type-post","status-publish","format-standard","has-post-thumbnail","hentry","category-showbiz"],"_links":{"self":[{"href":"https:\/\/radiogjilani.com\/index.php\/wp-json\/wp\/v2\/posts\/5602","targetHints":{"allow":["GET"]}}],"collection":[{"href":"https:\/\/radiogjilani.com\/index.php\/wp-json\/wp\/v2\/posts"}],"about":[{"href":"https:\/\/radiogjilani.com\/index.php\/wp-json\/wp\/v2\/types\/post"}],"author":[{"embeddable":true,"href":"https:\/\/radiogjilani.com\/index.php\/wp-json\/wp\/v2\/users\/1"}],"replies":[{"embeddable":true,"href":"https:\/\/radiogjilani.com\/index.php\/wp-json\/wp\/v2\/comments?post=5602"}],"version-history":[{"count":0,"href":"https:\/\/radiogjilani.com\/index.php\/wp-json\/wp\/v2\/posts\/5602\/revisions"}],"wp:featuredmedia":[{"embeddable":true,"href":"https:\/\/radiogjilani.com\/index.php\/wp-json\/wp\/v2\/media\/5603"}],"wp:attachment":[{"href":"https:\/\/radiogjilani.com\/index.php\/wp-json\/wp\/v2\/media?parent=5602"}],"wp:term":[{"taxonomy":"category","embeddable":true,"href":"https:\/\/radiogjilani.com\/index.php\/wp-json\/wp\/v2\/categories?post=5602"},{"taxonomy":"post_tag","embeddable":true,"href":"https:\/\/radiogjilani.com\/index.php\/wp-json\/wp\/v2\/tags?post=5602"}],"curies":[{"name":"wp","href":"https:\/\/api.w.org\/{rel}","templated":true}]}}